{"id":1465,"date":"2018-09-10T08:57:09","date_gmt":"2018-09-10T08:57:09","guid":{"rendered":"http:\/\/www.puentechina.com\/?p=1465"},"modified":"2024-02-15T09:58:03","modified_gmt":"2024-02-15T09:58:03","slug":"melody-of-shenzhen-lang-lang-and-his-city-mostra-de-disseny-grafic-de-la-xina","status":"publish","type":"post","link":"https:\/\/www.puentechina.com\/home\/melody-of-shenzhen-lang-lang-and-his-city-mostra-de-disseny-grafic-de-la-xina\/","title":{"rendered":"Melody of Shenzhen: Lang Lang and his City &#038;  Mostra de Disseny Gr\u00e1fic de la Xina"},"content":{"rendered":"<p>Evento \u201cMelody of Shenzhen: Lang Lang and his City &amp; Mostra de Disseny Gr\u00e1fic de la Xina\u201d, organizando por el Ayuntamiento de Shenzhen y el Ayuntamiento de Barcelona en colaboraci\u00f3n con Qimeng. El pianista ofrecer\u00e1 una interpretaci\u00f3n durante la inauguraci\u00f3n, que dar\u00e1 paso a la vista de la Muestra de Dise\u00f1o Gr\u00e1fico de China.<\/p>\n","protected":false},"excerpt":{"rendered":"<p>Evento \u201cMelody of Shenzhen: Lang Lang and his City &amp; Mostra de Disseny Gr\u00e1fic de la Xina\u201d, organizando por el Ayuntamiento de Shenzhen y el Ayuntamiento de Barcelona en colaboraci\u00f3n con Qimeng. El pianista ofrecer\u00e1 una interpretaci\u00f3n durante la inauguraci\u00f3n, que dar\u00e1 paso a la vista de la Muestra de Dise\u00f1o Gr\u00e1fico de China.<\/p>\n","protected":false},"author":2,"featured_media":0,"comment_status":"closed","ping_status":"closed","sticky":false,"template":"","format":"standard","meta":{"footnotes":""},"categories":[7],"tags":[],"yoast_head":"<!-- This site is optimized with the Yoast SEO plugin v17.5 - https:\/\/yoast.com\/wordpress\/plugins\/seo\/ -->\n<title>Melody of Shenzhen: Lang Lang and his City &amp; Mostra de Disseny Gr\u00e1fic de la Xina - Puentechina<\/title>\n<meta name=\"robots\" content=\"index, follow, max-snippet:-1, max-image-preview:large, max-video-preview:-1\" \/>\n<link rel=\"canonical\" href=\"https:\/\/www.puentechina.com\/home\/melody-of-shenzhen-lang-lang-and-his-city-mostra-de-disseny-grafic-de-la-xina\/\" \/>\n<meta property=\"og:locale\" content=\"es_ES\" \/>\n<meta property=\"og:type\" content=\"article\" \/>\n<meta property=\"og:title\" content=\"Melody of Shenzhen: Lang Lang and his City &amp; Mostra de Disseny Gr\u00e1fic de la Xina - Puentechina\" \/>\n<meta property=\"og:description\" content=\"Evento \u201cMelody of Shenzhen: Lang Lang and his City &amp; Mostra de Disseny Gr\u00e1fic de la Xina\u201d, organizando por el Ayuntamiento de Shenzhen y el Ayuntamiento de Barcelona en colaboraci\u00f3n con Qimeng. El pianista ofrecer\u00e1 una interpretaci\u00f3n durante la inauguraci\u00f3n, que dar\u00e1 paso a la vista de la Muestra de Dise\u00f1o Gr\u00e1fico de China.\" \/>\n<meta property=\"og:url\" content=\"https:\/\/www.puentechina.com\/home\/melody-of-shenzhen-lang-lang-and-his-city-mostra-de-disseny-grafic-de-la-xina\/\" \/>\n<meta property=\"og:site_name\" content=\"Puentechina\" \/>\n<meta property=\"article:published_time\" content=\"2018-09-10T08:57:09+00:00\" \/>\n<meta property=\"article:modified_time\" content=\"2024-02-15T09:58:03+00:00\" \/>\n<meta name=\"twitter:card\" content=\"summary_large_image\" \/>\n<meta name=\"twitter:label1\" content=\"Escrito por\" \/>\n\t<meta name=\"twitter:data1\" content=\"puentechina\" \/>\n<script type=\"application\/ld+json\" class=\"yoast-schema-graph\">{\"@context\":\"https:\/\/schema.org\",\"@graph\":[{\"@type\":\"Organization\",\"@id\":\"https:\/\/www.puentechina.com\/home\/#organization\",\"name\":\"PUENTECHINA\",\"url\":\"https:\/\/www.puentechina.com\/home\/\",\"sameAs\":[],\"logo\":{\"@type\":\"ImageObject\",\"@id\":\"https:\/\/www.puentechina.com\/home\/#logo\",\"inLanguage\":\"es\",\"url\":\"https:\/\/www.puentechina.com\/wp-content\/uploads\/2019\/03\/LOGO-TRANSPARENTE.jpg\",\"contentUrl\":\"https:\/\/www.puentechina.com\/wp-content\/uploads\/2019\/03\/LOGO-TRANSPARENTE.jpg\",\"width\":1600,\"height\":274,\"caption\":\"PUENTECHINA\"},\"image\":{\"@id\":\"https:\/\/www.puentechina.com\/home\/#logo\"}},{\"@type\":\"WebSite\",\"@id\":\"https:\/\/www.puentechina.com\/home\/#website\",\"url\":\"https:\/\/www.puentechina.com\/home\/\",\"name\":\"Puentechina\",\"description\":\"\",\"publisher\":{\"@id\":\"https:\/\/www.puentechina.com\/home\/#organization\"},\"potentialAction\":[{\"@type\":\"SearchAction\",\"target\":{\"@type\":\"EntryPoint\",\"urlTemplate\":\"https:\/\/www.puentechina.com\/home\/?s={search_term_string}\"},\"query-input\":\"required name=search_term_string\"}],\"inLanguage\":\"es\"},{\"@type\":\"WebPage\",\"@id\":\"https:\/\/www.puentechina.com\/home\/melody-of-shenzhen-lang-lang-and-his-city-mostra-de-disseny-grafic-de-la-xina\/#webpage\",\"url\":\"https:\/\/www.puentechina.com\/home\/melody-of-shenzhen-lang-lang-and-his-city-mostra-de-disseny-grafic-de-la-xina\/\",\"name\":\"Melody of Shenzhen: Lang Lang and his City & Mostra de Disseny Gr\\u00e1fic de la Xina - Puentechina\",\"isPartOf\":{\"@id\":\"https:\/\/www.puentechina.com\/home\/#website\"},\"datePublished\":\"2018-09-10T08:57:09+00:00\",\"dateModified\":\"2024-02-15T09:58:03+00:00\",\"breadcrumb\":{\"@id\":\"https:\/\/www.puentechina.com\/home\/melody-of-shenzhen-lang-lang-and-his-city-mostra-de-disseny-grafic-de-la-xina\/#breadcrumb\"},\"inLanguage\":\"es\",\"potentialAction\":[{\"@type\":\"ReadAction\",\"target\":[\"https:\/\/www.puentechina.com\/home\/melody-of-shenzhen-lang-lang-and-his-city-mostra-de-disseny-grafic-de-la-xina\/\"]}]},{\"@type\":\"BreadcrumbList\",\"@id\":\"https:\/\/www.puentechina.com\/home\/melody-of-shenzhen-lang-lang-and-his-city-mostra-de-disseny-grafic-de-la-xina\/#breadcrumb\",\"itemListElement\":[{\"@type\":\"ListItem\",\"position\":1,\"name\":\"Portada\",\"item\":\"https:\/\/www.puentechina.com\/home\/\"},{\"@type\":\"ListItem\",\"position\":2,\"name\":\"Melody of Shenzhen: Lang Lang and his City &#038; Mostra de Disseny Gr\\u00e1fic de la Xina\"}]},{\"@type\":\"Article\",\"@id\":\"https:\/\/www.puentechina.com\/home\/melody-of-shenzhen-lang-lang-and-his-city-mostra-de-disseny-grafic-de-la-xina\/#article\",\"isPartOf\":{\"@id\":\"https:\/\/www.puentechina.com\/home\/melody-of-shenzhen-lang-lang-and-his-city-mostra-de-disseny-grafic-de-la-xina\/#webpage\"},\"author\":{\"@id\":\"https:\/\/www.puentechina.com\/home\/#\/schema\/person\/a1db63509e77d8a4d8aeadb25be41964\"},\"headline\":\"Melody of Shenzhen: Lang Lang and his City &#038; Mostra de Disseny Gr\\u00e1fic de la Xina\",\"datePublished\":\"2018-09-10T08:57:09+00:00\",\"dateModified\":\"2024-02-15T09:58:03+00:00\",\"mainEntityOfPage\":{\"@id\":\"https:\/\/www.puentechina.com\/home\/melody-of-shenzhen-lang-lang-and-his-city-mostra-de-disseny-grafic-de-la-xina\/#webpage\"},\"wordCount\":76,\"publisher\":{\"@id\":\"https:\/\/www.puentechina.com\/home\/#organization\"},\"articleSection\":[\"Actividades\"],\"inLanguage\":\"es\"},{\"@type\":\"Person\",\"@id\":\"https:\/\/www.puentechina.com\/home\/#\/schema\/person\/a1db63509e77d8a4d8aeadb25be41964\",\"name\":\"puentechina\",\"url\":\"https:\/\/www.puentechina.com\/home\/author\/puentechina\/\"}]}<\/script>\n<!-- \/ Yoast SEO plugin. -->","yoast_head_json":{"title":"Melody of Shenzhen: Lang Lang and his City & Mostra de Disseny Gr\u00e1fic de la Xina - Puentechina","robots":{"index":"index","follow":"follow","max-snippet":"max-snippet:-1","max-image-preview":"max-image-preview:large","max-video-preview":"max-video-preview:-1"},"canonical":"https:\/\/www.puentechina.com\/home\/melody-of-shenzhen-lang-lang-and-his-city-mostra-de-disseny-grafic-de-la-xina\/","og_locale":"es_ES","og_type":"article","og_title":"Melody of Shenzhen: Lang Lang and his City & Mostra de Disseny Gr\u00e1fic de la Xina - Puentechina","og_description":"Evento \u201cMelody of Shenzhen: Lang Lang and his City &amp; Mostra de Disseny Gr\u00e1fic de la Xina\u201d, organizando por el Ayuntamiento de Shenzhen y el Ayuntamiento de Barcelona en colaboraci\u00f3n con Qimeng. El pianista ofrecer\u00e1 una interpretaci\u00f3n durante la inauguraci\u00f3n, que dar\u00e1 paso a la vista de la Muestra de Dise\u00f1o Gr\u00e1fico de China.","og_url":"https:\/\/www.puentechina.com\/home\/melody-of-shenzhen-lang-lang-and-his-city-mostra-de-disseny-grafic-de-la-xina\/","og_site_name":"Puentechina","article_published_time":"2018-09-10T08:57:09+00:00","article_modified_time":"2024-02-15T09:58:03+00:00","twitter_card":"summary_large_image","twitter_misc":{"Escrito por":"puentechina"},"schema":{"@context":"https:\/\/schema.org","@graph":[{"@type":"Organization","@id":"https:\/\/www.puentechina.com\/home\/#organization","name":"PUENTECHINA","url":"https:\/\/www.puentechina.com\/home\/","sameAs":[],"logo":{"@type":"ImageObject","@id":"https:\/\/www.puentechina.com\/home\/#logo","inLanguage":"es","url":"https:\/\/www.puentechina.com\/wp-content\/uploads\/2019\/03\/LOGO-TRANSPARENTE.jpg","contentUrl":"https:\/\/www.puentechina.com\/wp-content\/uploads\/2019\/03\/LOGO-TRANSPARENTE.jpg","width":1600,"height":274,"caption":"PUENTECHINA"},"image":{"@id":"https:\/\/www.puentechina.com\/home\/#logo"}},{"@type":"WebSite","@id":"https:\/\/www.puentechina.com\/home\/#website","url":"https:\/\/www.puentechina.com\/home\/","name":"Puentechina","description":"","publisher":{"@id":"https:\/\/www.puentechina.com\/home\/#organization"},"potentialAction":[{"@type":"SearchAction","target":{"@type":"EntryPoint","urlTemplate":"https:\/\/www.puentechina.com\/home\/?s={search_term_string}"},"query-input":"required name=search_term_string"}],"inLanguage":"es"},{"@type":"WebPage","@id":"https:\/\/www.puentechina.com\/home\/melody-of-shenzhen-lang-lang-and-his-city-mostra-de-disseny-grafic-de-la-xina\/#webpage","url":"https:\/\/www.puentechina.com\/home\/melody-of-shenzhen-lang-lang-and-his-city-mostra-de-disseny-grafic-de-la-xina\/","name":"Melody of Shenzhen: Lang Lang and his City & Mostra de Disseny Gr\u00e1fic de la Xina - Puentechina","isPartOf":{"@id":"https:\/\/www.puentechina.com\/home\/#website"},"datePublished":"2018-09-10T08:57:09+00:00","dateModified":"2024-02-15T09:58:03+00:00","breadcrumb":{"@id":"https:\/\/www.puentechina.com\/home\/melody-of-shenzhen-lang-lang-and-his-city-mostra-de-disseny-grafic-de-la-xina\/#breadcrumb"},"inLanguage":"es","potentialAction":[{"@type":"ReadAction","target":["https:\/\/www.puentechina.com\/home\/melody-of-shenzhen-lang-lang-and-his-city-mostra-de-disseny-grafic-de-la-xina\/"]}]},{"@type":"BreadcrumbList","@id":"https:\/\/www.puentechina.com\/home\/melody-of-shenzhen-lang-lang-and-his-city-mostra-de-disseny-grafic-de-la-xina\/#breadcrumb","itemListElement":[{"@type":"ListItem","position":1,"name":"Portada","item":"https:\/\/www.puentechina.com\/home\/"},{"@type":"ListItem","position":2,"name":"Melody of Shenzhen: Lang Lang and his City &#038; Mostra de Disseny Gr\u00e1fic de la Xina"}]},{"@type":"Article","@id":"https:\/\/www.puentechina.com\/home\/melody-of-shenzhen-lang-lang-and-his-city-mostra-de-disseny-grafic-de-la-xina\/#article","isPartOf":{"@id":"https:\/\/www.puentechina.com\/home\/melody-of-shenzhen-lang-lang-and-his-city-mostra-de-disseny-grafic-de-la-xina\/#webpage"},"author":{"@id":"https:\/\/www.puentechina.com\/home\/#\/schema\/person\/a1db63509e77d8a4d8aeadb25be41964"},"headline":"Melody of Shenzhen: Lang Lang and his City &#038; Mostra de Disseny Gr\u00e1fic de la Xina","datePublished":"2018-09-10T08:57:09+00:00","dateModified":"2024-02-15T09:58:03+00:00","mainEntityOfPage":{"@id":"https:\/\/www.puentechina.com\/home\/melody-of-shenzhen-lang-lang-and-his-city-mostra-de-disseny-grafic-de-la-xina\/#webpage"},"wordCount":76,"publisher":{"@id":"https:\/\/www.puentechina.com\/home\/#organization"},"articleSection":["Actividades"],"inLanguage":"es"},{"@type":"Person","@id":"https:\/\/www.puentechina.com\/home\/#\/schema\/person\/a1db63509e77d8a4d8aeadb25be41964","name":"puentechina","url":"https:\/\/www.puentechina.com\/home\/author\/puentechina\/"}]}},"_links":{"self":[{"href":"https:\/\/www.puentechina.com\/home\/wp-json\/wp\/v2\/posts\/1465"}],"collection":[{"href":"https:\/\/www.puentechina.com\/home\/wp-json\/wp\/v2\/posts"}],"about":[{"href":"https:\/\/www.puentechina.com\/home\/wp-json\/wp\/v2\/types\/post"}],"author":[{"embeddable":true,"href":"https:\/\/www.puentechina.com\/home\/wp-json\/wp\/v2\/users\/2"}],"replies":[{"embeddable":true,"href":"https:\/\/www.puentechina.com\/home\/wp-json\/wp\/v2\/comments?post=1465"}],"version-history":[{"count":3,"href":"https:\/\/www.puentechina.com\/home\/wp-json\/wp\/v2\/posts\/1465\/revisions"}],"predecessor-version":[{"id":4799,"href":"https:\/\/www.puentechina.com\/home\/wp-json\/wp\/v2\/posts\/1465\/revisions\/4799"}],"wp:attachment":[{"href":"https:\/\/www.puentechina.com\/home\/wp-json\/wp\/v2\/media?parent=1465"}],"wp:term":[{"taxonomy":"category","embeddable":true,"href":"https:\/\/www.puentechina.com\/home\/wp-json\/wp\/v2\/categories?post=1465"},{"taxonomy":"post_tag","embeddable":true,"href":"https:\/\/www.puentechina.com\/home\/wp-json\/wp\/v2\/tags?post=1465"}],"curies":[{"name":"wp","href":"https:\/\/api.w.org\/{rel}","templated":true}]}}