{"id":3718,"date":"2020-04-06T10:22:27","date_gmt":"2020-04-06T10:22:27","guid":{"rendered":"http:\/\/www.puentechina.com\/?p=3718"},"modified":"2021-04-15T09:21:10","modified_gmt":"2021-04-15T09:21:10","slug":"la-voz-del-negocio-chino-en-barcelona","status":"publish","type":"post","link":"https:\/\/www.puentechina.com\/home\/la-voz-del-negocio-chino-en-barcelona\/","title":{"rendered":"La voz del negocio chino en Barcelona"},"content":{"rendered":"<div class=\"d-subtitle__social visible-md\">\n<div class=\"story-leaf-social-btns story-leaf-social-comments\" data-gtm-element=\"leaf-social-share-top\">\n<p>&nbsp;<\/p>\n<div class=\"story-leaf-comment-count\"><\/div>\n<\/div>\n<\/div>\n<div class=\"d-subtitle__list\">\n<h2 class=\"d-subtitle__txt\">Lidan Qi trabaja intensamente en la importaci\u00f3n de material sanitario del gigante asi\u00e1tico<\/h2>\n<\/div>\n<p>La abogada\u00a0Lidan Qi(Whenzou, 1976) est\u00e1 pasando el confinamiento pegada al tel\u00e9fono. Durante el d\u00eda, habla con\u00a0empresas\u00a0e instituciones espa\u00f1olas y, de noche, con sus hom\u00f3logos en\u00a0China. Desde su piso en Sant Gervasi, se ha convertido en un v\u00ednculo esencial entre ambos pa\u00edses para la importaci\u00f3n de material sanitario. \u201cLa semana que viene, despegan cinco aviones cargados de\u00a0respiradores,\u00a0batas\u00a0y\u00a0mascarillas.<\/p>\n<p><a href=\"https:\/\/www.lavanguardia.com\/economia\/20200406\/48315321326\/lidan-qi-china-espana-coronavirus-material-sanidad.html\"><em><u>Leer\u00a0<\/u><u>Art\u00edculo<\/u>\u00a0<u>Completo<\/u>\u00a0<u>en<\/u><u>\u00a0La\u00a0<\/u><u>Vanguardia \u2192<\/u><\/em><\/a><\/p>\n<p>&nbsp;<\/p>\n","protected":false},"excerpt":{"rendered":"<p>La Vanguardia profundiza sobre el trabajo de Puente China durante la emergencia sanitaria.<\/p>\n","protected":false},"author":2,"featured_media":3720,"comment_status":"closed","ping_status":"closed","sticky":false,"template":"","format":"standard","meta":{"footnotes":""},"categories":[11],"tags":[],"yoast_head":"<!-- This site is optimized with the Yoast SEO plugin v17.5 - https:\/\/yoast.com\/wordpress\/plugins\/seo\/ -->\n<title>La voz del negocio chino en Barcelona - Puentechina<\/title>\n<meta name=\"robots\" content=\"index, follow, max-snippet:-1, max-image-preview:large, max-video-preview:-1\" \/>\n<link rel=\"canonical\" href=\"https:\/\/www.puentechina.com\/home\/la-voz-del-negocio-chino-en-barcelona\/\" \/>\n<meta property=\"og:locale\" content=\"es_ES\" \/>\n<meta property=\"og:type\" content=\"article\" \/>\n<meta property=\"og:title\" content=\"La voz del negocio chino en Barcelona - Puentechina\" \/>\n<meta property=\"og:description\" content=\"La Vanguardia profundiza sobre el trabajo de Puente China durante la emergencia sanitaria.\" \/>\n<meta property=\"og:url\" content=\"https:\/\/www.puentechina.com\/home\/la-voz-del-negocio-chino-en-barcelona\/\" \/>\n<meta property=\"og:site_name\" content=\"Puentechina\" \/>\n<meta property=\"article:published_time\" content=\"2020-04-06T10:22:27+00:00\" \/>\n<meta property=\"article:modified_time\" content=\"2021-04-15T09:21:10+00:00\" \/>\n<meta property=\"og:image\" content=\"https:\/\/www.puentechina.com\/wp-content\/uploads\/2020\/08\/img_ajimenez_20200402-231219_imagenes_lv_propias_ajimenez_lidan3-kABC-F2EGAI3FCA824RZZ-992x558@LaVanguardia-Web.jpg\" \/>\n\t<meta property=\"og:image:width\" content=\"987\" \/>\n\t<meta property=\"og:image:height\" content=\"558\" \/>\n<meta name=\"twitter:card\" content=\"summary_large_image\" \/>\n<meta name=\"twitter:label1\" content=\"Escrito por\" \/>\n\t<meta name=\"twitter:data1\" content=\"puentechina\" \/>\n<script type=\"application\/ld+json\" class=\"yoast-schema-graph\">{\"@context\":\"https:\/\/schema.org\",\"@graph\":[{\"@type\":\"Organization\",\"@id\":\"https:\/\/www.puentechina.com\/home\/#organization\",\"name\":\"PUENTECHINA\",\"url\":\"https:\/\/www.puentechina.com\/home\/\",\"sameAs\":[],\"logo\":{\"@type\":\"ImageObject\",\"@id\":\"https:\/\/www.puentechina.com\/home\/#logo\",\"inLanguage\":\"es\",\"url\":\"https:\/\/www.puentechina.com\/wp-content\/uploads\/2019\/03\/LOGO-TRANSPARENTE.jpg\",\"contentUrl\":\"https:\/\/www.puentechina.com\/wp-content\/uploads\/2019\/03\/LOGO-TRANSPARENTE.jpg\",\"width\":1600,\"height\":274,\"caption\":\"PUENTECHINA\"},\"image\":{\"@id\":\"https:\/\/www.puentechina.com\/home\/#logo\"}},{\"@type\":\"WebSite\",\"@id\":\"https:\/\/www.puentechina.com\/home\/#website\",\"url\":\"https:\/\/www.puentechina.com\/home\/\",\"name\":\"Puentechina\",\"description\":\"\",\"publisher\":{\"@id\":\"https:\/\/www.puentechina.com\/home\/#organization\"},\"potentialAction\":[{\"@type\":\"SearchAction\",\"target\":{\"@type\":\"EntryPoint\",\"urlTemplate\":\"https:\/\/www.puentechina.com\/home\/?s={search_term_string}\"},\"query-input\":\"required name=search_term_string\"}],\"inLanguage\":\"es\"},{\"@type\":\"ImageObject\",\"@id\":\"https:\/\/www.puentechina.com\/home\/la-voz-del-negocio-chino-en-barcelona\/#primaryimage\",\"inLanguage\":\"es\",\"url\":\"https:\/\/www.puentechina.com\/wp-content\/uploads\/2020\/08\/img_ajimenez_20200402-231219_imagenes_lv_propias_ajimenez_lidan3-kABC-F2EGAI3FCA824RZZ-992x558@LaVanguardia-Web.jpg\",\"contentUrl\":\"https:\/\/www.puentechina.com\/wp-content\/uploads\/2020\/08\/img_ajimenez_20200402-231219_imagenes_lv_propias_ajimenez_lidan3-kABC-F2EGAI3FCA824RZZ-992x558@LaVanguardia-Web.jpg\",\"width\":987,\"height\":558},{\"@type\":\"WebPage\",\"@id\":\"https:\/\/www.puentechina.com\/home\/la-voz-del-negocio-chino-en-barcelona\/#webpage\",\"url\":\"https:\/\/www.puentechina.com\/home\/la-voz-del-negocio-chino-en-barcelona\/\",\"name\":\"La voz del negocio chino en Barcelona - Puentechina\",\"isPartOf\":{\"@id\":\"https:\/\/www.puentechina.com\/home\/#website\"},\"primaryImageOfPage\":{\"@id\":\"https:\/\/www.puentechina.com\/home\/la-voz-del-negocio-chino-en-barcelona\/#primaryimage\"},\"datePublished\":\"2020-04-06T10:22:27+00:00\",\"dateModified\":\"2021-04-15T09:21:10+00:00\",\"breadcrumb\":{\"@id\":\"https:\/\/www.puentechina.com\/home\/la-voz-del-negocio-chino-en-barcelona\/#breadcrumb\"},\"inLanguage\":\"es\",\"potentialAction\":[{\"@type\":\"ReadAction\",\"target\":[\"https:\/\/www.puentechina.com\/home\/la-voz-del-negocio-chino-en-barcelona\/\"]}]},{\"@type\":\"BreadcrumbList\",\"@id\":\"https:\/\/www.puentechina.com\/home\/la-voz-del-negocio-chino-en-barcelona\/#breadcrumb\",\"itemListElement\":[{\"@type\":\"ListItem\",\"position\":1,\"name\":\"Portada\",\"item\":\"https:\/\/www.puentechina.com\/home\/\"},{\"@type\":\"ListItem\",\"position\":2,\"name\":\"La voz del negocio chino en Barcelona\"}]},{\"@type\":\"Article\",\"@id\":\"https:\/\/www.puentechina.com\/home\/la-voz-del-negocio-chino-en-barcelona\/#article\",\"isPartOf\":{\"@id\":\"https:\/\/www.puentechina.com\/home\/la-voz-del-negocio-chino-en-barcelona\/#webpage\"},\"author\":{\"@id\":\"https:\/\/www.puentechina.com\/home\/#\/schema\/person\/a1db63509e77d8a4d8aeadb25be41964\"},\"headline\":\"La voz del negocio chino en Barcelona\",\"datePublished\":\"2020-04-06T10:22:27+00:00\",\"dateModified\":\"2021-04-15T09:21:10+00:00\",\"mainEntityOfPage\":{\"@id\":\"https:\/\/www.puentechina.com\/home\/la-voz-del-negocio-chino-en-barcelona\/#webpage\"},\"wordCount\":102,\"publisher\":{\"@id\":\"https:\/\/www.puentechina.com\/home\/#organization\"},\"image\":{\"@id\":\"https:\/\/www.puentechina.com\/home\/la-voz-del-negocio-chino-en-barcelona\/#primaryimage\"},\"thumbnailUrl\":\"https:\/\/www.puentechina.com\/wp-content\/uploads\/2020\/08\/img_ajimenez_20200402-231219_imagenes_lv_propias_ajimenez_lidan3-kABC-F2EGAI3FCA824RZZ-992x558@LaVanguardia-Web.jpg\",\"articleSection\":[\"Noticias\"],\"inLanguage\":\"es\"},{\"@type\":\"Person\",\"@id\":\"https:\/\/www.puentechina.com\/home\/#\/schema\/person\/a1db63509e77d8a4d8aeadb25be41964\",\"name\":\"puentechina\",\"url\":\"https:\/\/www.puentechina.com\/home\/author\/puentechina\/\"}]}<\/script>\n<!-- \/ Yoast SEO plugin. -->","yoast_head_json":{"title":"La voz del negocio chino en Barcelona - Puentechina","robots":{"index":"index","follow":"follow","max-snippet":"max-snippet:-1","max-image-preview":"max-image-preview:large","max-video-preview":"max-video-preview:-1"},"canonical":"https:\/\/www.puentechina.com\/home\/la-voz-del-negocio-chino-en-barcelona\/","og_locale":"es_ES","og_type":"article","og_title":"La voz del negocio chino en Barcelona - Puentechina","og_description":"La Vanguardia profundiza sobre el trabajo de Puente China durante la emergencia sanitaria.","og_url":"https:\/\/www.puentechina.com\/home\/la-voz-del-negocio-chino-en-barcelona\/","og_site_name":"Puentechina","article_published_time":"2020-04-06T10:22:27+00:00","article_modified_time":"2021-04-15T09:21:10+00:00","og_image":[{"width":987,"height":558,"url":"https:\/\/www.puentechina.com\/wp-content\/uploads\/2020\/08\/img_ajimenez_20200402-231219_imagenes_lv_propias_ajimenez_lidan3-kABC-F2EGAI3FCA824RZZ-992x558@LaVanguardia-Web.jpg","type":"image\/jpeg"}],"twitter_card":"summary_large_image","twitter_misc":{"Escrito por":"puentechina"},"schema":{"@context":"https:\/\/schema.org","@graph":[{"@type":"Organization","@id":"https:\/\/www.puentechina.com\/home\/#organization","name":"PUENTECHINA","url":"https:\/\/www.puentechina.com\/home\/","sameAs":[],"logo":{"@type":"ImageObject","@id":"https:\/\/www.puentechina.com\/home\/#logo","inLanguage":"es","url":"https:\/\/www.puentechina.com\/wp-content\/uploads\/2019\/03\/LOGO-TRANSPARENTE.jpg","contentUrl":"https:\/\/www.puentechina.com\/wp-content\/uploads\/2019\/03\/LOGO-TRANSPARENTE.jpg","width":1600,"height":274,"caption":"PUENTECHINA"},"image":{"@id":"https:\/\/www.puentechina.com\/home\/#logo"}},{"@type":"WebSite","@id":"https:\/\/www.puentechina.com\/home\/#website","url":"https:\/\/www.puentechina.com\/home\/","name":"Puentechina","description":"","publisher":{"@id":"https:\/\/www.puentechina.com\/home\/#organization"},"potentialAction":[{"@type":"SearchAction","target":{"@type":"EntryPoint","urlTemplate":"https:\/\/www.puentechina.com\/home\/?s={search_term_string}"},"query-input":"required name=search_term_string"}],"inLanguage":"es"},{"@type":"ImageObject","@id":"https:\/\/www.puentechina.com\/home\/la-voz-del-negocio-chino-en-barcelona\/#primaryimage","inLanguage":"es","url":"https:\/\/www.puentechina.com\/wp-content\/uploads\/2020\/08\/img_ajimenez_20200402-231219_imagenes_lv_propias_ajimenez_lidan3-kABC-F2EGAI3FCA824RZZ-992x558@LaVanguardia-Web.jpg","contentUrl":"https:\/\/www.puentechina.com\/wp-content\/uploads\/2020\/08\/img_ajimenez_20200402-231219_imagenes_lv_propias_ajimenez_lidan3-kABC-F2EGAI3FCA824RZZ-992x558@LaVanguardia-Web.jpg","width":987,"height":558},{"@type":"WebPage","@id":"https:\/\/www.puentechina.com\/home\/la-voz-del-negocio-chino-en-barcelona\/#webpage","url":"https:\/\/www.puentechina.com\/home\/la-voz-del-negocio-chino-en-barcelona\/","name":"La voz del negocio chino en Barcelona - Puentechina","isPartOf":{"@id":"https:\/\/www.puentechina.com\/home\/#website"},"primaryImageOfPage":{"@id":"https:\/\/www.puentechina.com\/home\/la-voz-del-negocio-chino-en-barcelona\/#primaryimage"},"datePublished":"2020-04-06T10:22:27+00:00","dateModified":"2021-04-15T09:21:10+00:00","breadcrumb":{"@id":"https:\/\/www.puentechina.com\/home\/la-voz-del-negocio-chino-en-barcelona\/#breadcrumb"},"inLanguage":"es","potentialAction":[{"@type":"ReadAction","target":["https:\/\/www.puentechina.com\/home\/la-voz-del-negocio-chino-en-barcelona\/"]}]},{"@type":"BreadcrumbList","@id":"https:\/\/www.puentechina.com\/home\/la-voz-del-negocio-chino-en-barcelona\/#breadcrumb","itemListElement":[{"@type":"ListItem","position":1,"name":"Portada","item":"https:\/\/www.puentechina.com\/home\/"},{"@type":"ListItem","position":2,"name":"La voz del negocio chino en Barcelona"}]},{"@type":"Article","@id":"https:\/\/www.puentechina.com\/home\/la-voz-del-negocio-chino-en-barcelona\/#article","isPartOf":{"@id":"https:\/\/www.puentechina.com\/home\/la-voz-del-negocio-chino-en-barcelona\/#webpage"},"author":{"@id":"https:\/\/www.puentechina.com\/home\/#\/schema\/person\/a1db63509e77d8a4d8aeadb25be41964"},"headline":"La voz del negocio chino en Barcelona","datePublished":"2020-04-06T10:22:27+00:00","dateModified":"2021-04-15T09:21:10+00:00","mainEntityOfPage":{"@id":"https:\/\/www.puentechina.com\/home\/la-voz-del-negocio-chino-en-barcelona\/#webpage"},"wordCount":102,"publisher":{"@id":"https:\/\/www.puentechina.com\/home\/#organization"},"image":{"@id":"https:\/\/www.puentechina.com\/home\/la-voz-del-negocio-chino-en-barcelona\/#primaryimage"},"thumbnailUrl":"https:\/\/www.puentechina.com\/wp-content\/uploads\/2020\/08\/img_ajimenez_20200402-231219_imagenes_lv_propias_ajimenez_lidan3-kABC-F2EGAI3FCA824RZZ-992x558@LaVanguardia-Web.jpg","articleSection":["Noticias"],"inLanguage":"es"},{"@type":"Person","@id":"https:\/\/www.puentechina.com\/home\/#\/schema\/person\/a1db63509e77d8a4d8aeadb25be41964","name":"puentechina","url":"https:\/\/www.puentechina.com\/home\/author\/puentechina\/"}]}},"_links":{"self":[{"href":"https:\/\/www.puentechina.com\/home\/wp-json\/wp\/v2\/posts\/3718"}],"collection":[{"href":"https:\/\/www.puentechina.com\/home\/wp-json\/wp\/v2\/posts"}],"about":[{"href":"https:\/\/www.puentechina.com\/home\/wp-json\/wp\/v2\/types\/post"}],"author":[{"embeddable":true,"href":"https:\/\/www.puentechina.com\/home\/wp-json\/wp\/v2\/users\/2"}],"replies":[{"embeddable":true,"href":"https:\/\/www.puentechina.com\/home\/wp-json\/wp\/v2\/comments?post=3718"}],"version-history":[{"count":5,"href":"https:\/\/www.puentechina.com\/home\/wp-json\/wp\/v2\/posts\/3718\/revisions"}],"predecessor-version":[{"id":4273,"href":"https:\/\/www.puentechina.com\/home\/wp-json\/wp\/v2\/posts\/3718\/revisions\/4273"}],"wp:featuredmedia":[{"embeddable":true,"href":"https:\/\/www.puentechina.com\/home\/wp-json\/wp\/v2\/media\/3720"}],"wp:attachment":[{"href":"https:\/\/www.puentechina.com\/home\/wp-json\/wp\/v2\/media?parent=3718"}],"wp:term":[{"taxonomy":"category","embeddable":true,"href":"https:\/\/www.puentechina.com\/home\/wp-json\/wp\/v2\/categories?post=3718"},{"taxonomy":"post_tag","embeddable":true,"href":"https:\/\/www.puentechina.com\/home\/wp-json\/wp\/v2\/tags?post=3718"}],"curies":[{"name":"wp","href":"https:\/\/api.w.org\/{rel}","templated":true}]}}