{"id":4523,"date":"2023-09-26T09:05:31","date_gmt":"2023-09-26T09:05:31","guid":{"rendered":"https:\/\/www.puentechina.com\/?p=4523"},"modified":"2023-09-26T09:05:45","modified_gmt":"2023-09-26T09:05:45","slug":"la-cumbre-empresarial-de-shenzhen-acaba-con-acuerdos-comerciales-y-culturales","status":"publish","type":"post","link":"https:\/\/www.puentechina.com\/home\/la-cumbre-empresarial-de-shenzhen-acaba-con-acuerdos-comerciales-y-culturales\/","title":{"rendered":"La cumbre empresarial de Shenzhen acaba con acuerdos comerciales y culturales"},"content":{"rendered":"<p>La Conferencia Internacional de Shenzhen en Espa\u00f1a result\u00f3 todo un \u00e9xito, atrayendo a m\u00e1s de 600 empresarios comprometidos en el fortalecimiento de las relaciones bilaterales entre China y Espa\u00f1a. Liling Qi, presidenta de nuestro Grupo y de la Asociaci\u00f3n de Industria y Comercio de Shenzhen en Espa\u00f1a, entidad organizadora de la conferencia, desempe\u00f1\u00f3 un papel crucial durante la jornada del pasado mi\u00e9rcoles, que culmin\u00f3 con la firma de nuevos y exitosos acuerdos.<\/p>\n<p>El evento cont\u00f3 con Puente China como patrocinador principal, destacando su apoyo fundamental.<\/p>\n<p>&nbsp;<\/p>\n<p>Para obtener m\u00e1s detalles, puedes consultar la noticia completa en La Vanguardia: <a href=\"https:\/\/www.lavanguardia.com\/vida\/20230921\/9244361\/cumbre-empresarial-shenzhen-acaba-acuerdos-comerciales-culturales.html\">La cumbre empresarial de Shenzhen acaba con acuerdos comerciales y culturales (lavanguardia.com)<\/a><\/p>\n<p><img loading=\"lazy\" decoding=\"async\" class=\"alignnone size-full wp-image-4524\" src=\"https:\/\/www.puentechina.com\/wp-content\/uploads\/2023\/09\/FIRMA-ACUERDOS.jpg\" alt=\"\" width=\"4608\" height=\"3072\" srcset=\"https:\/\/www.puentechina.com\/wp-content\/uploads\/2023\/09\/FIRMA-ACUERDOS.jpg 4608w, https:\/\/www.puentechina.com\/wp-content\/uploads\/2023\/09\/FIRMA-ACUERDOS-300x200.jpg 300w, https:\/\/www.puentechina.com\/wp-content\/uploads\/2023\/09\/FIRMA-ACUERDOS-1024x683.jpg 1024w, https:\/\/www.puentechina.com\/wp-content\/uploads\/2023\/09\/FIRMA-ACUERDOS-768x512.jpg 768w, https:\/\/www.puentechina.com\/wp-content\/uploads\/2023\/09\/FIRMA-ACUERDOS-1536x1024.jpg 1536w, https:\/\/www.puentechina.com\/wp-content\/uploads\/2023\/09\/FIRMA-ACUERDOS-2048x1365.jpg 2048w, https:\/\/www.puentechina.com\/wp-content\/uploads\/2023\/09\/FIRMA-ACUERDOS-1500x1000.jpg 1500w\" sizes=\"(max-width: 4608px) 100vw, 4608px\" \/><img loading=\"lazy\" decoding=\"async\" class=\"alignnone size-full wp-image-4530\" src=\"https:\/\/www.puentechina.com\/wp-content\/uploads\/2023\/09\/GENERAL-LILING-HABLANDO.jpg\" alt=\"\" width=\"4608\" height=\"3072\" srcset=\"https:\/\/www.puentechina.com\/wp-content\/uploads\/2023\/09\/GENERAL-LILING-HABLANDO.jpg 4608w, https:\/\/www.puentechina.com\/wp-content\/uploads\/2023\/09\/GENERAL-LILING-HABLANDO-300x200.jpg 300w, https:\/\/www.puentechina.com\/wp-content\/uploads\/2023\/09\/GENERAL-LILING-HABLANDO-1024x683.jpg 1024w, https:\/\/www.puentechina.com\/wp-content\/uploads\/2023\/09\/GENERAL-LILING-HABLANDO-768x512.jpg 768w, https:\/\/www.puentechina.com\/wp-content\/uploads\/2023\/09\/GENERAL-LILING-HABLANDO-1536x1024.jpg 1536w, https:\/\/www.puentechina.com\/wp-content\/uploads\/2023\/09\/GENERAL-LILING-HABLANDO-2048x1365.jpg 2048w, https:\/\/www.puentechina.com\/wp-content\/uploads\/2023\/09\/GENERAL-LILING-HABLANDO-1500x1000.jpg 1500w\" sizes=\"(max-width: 4608px) 100vw, 4608px\" \/><\/p>\n","protected":false},"excerpt":{"rendered":"<p>La Conferencia Internacional de Shenzhen en Espa\u00f1a result\u00f3 todo un \u00e9xito, atrayendo a m\u00e1s de 600 empresarios comprometidos en el fortalecimiento de las relaciones bilaterales entre China y Espa\u00f1a. Liling Qi, presidenta de nuestro Grupo y de la Asociaci\u00f3n de Industria y Comercio de Shenzhen en Espa\u00f1a, entidad organizadora de la conferencia, desempe\u00f1\u00f3 un papel [&hellip;]<\/p>\n","protected":false},"author":2,"featured_media":4524,"comment_status":"closed","ping_status":"closed","sticky":false,"template":"","format":"standard","meta":{"footnotes":""},"categories":[11,10,1],"tags":[],"yoast_head":"<!-- This site is optimized with the Yoast SEO plugin v17.5 - https:\/\/yoast.com\/wordpress\/plugins\/seo\/ -->\n<title>La cumbre empresarial de Shenzhen acaba con acuerdos comerciales y culturales - Puentechina<\/title>\n<meta name=\"robots\" content=\"index, follow, max-snippet:-1, max-image-preview:large, max-video-preview:-1\" \/>\n<link rel=\"canonical\" href=\"https:\/\/www.puentechina.com\/home\/la-cumbre-empresarial-de-shenzhen-acaba-con-acuerdos-comerciales-y-culturales\/\" \/>\n<meta property=\"og:locale\" content=\"es_ES\" \/>\n<meta property=\"og:type\" content=\"article\" \/>\n<meta property=\"og:title\" content=\"La cumbre empresarial de Shenzhen acaba con acuerdos comerciales y culturales - Puentechina\" \/>\n<meta property=\"og:description\" content=\"La Conferencia Internacional de Shenzhen en Espa\u00f1a result\u00f3 todo un \u00e9xito, atrayendo a m\u00e1s de 600 empresarios comprometidos en el fortalecimiento de las relaciones bilaterales entre China y Espa\u00f1a. Liling Qi, presidenta de nuestro Grupo y de la Asociaci\u00f3n de Industria y Comercio de Shenzhen en Espa\u00f1a, entidad organizadora de la conferencia, desempe\u00f1\u00f3 un papel [&hellip;]\" \/>\n<meta property=\"og:url\" content=\"https:\/\/www.puentechina.com\/home\/la-cumbre-empresarial-de-shenzhen-acaba-con-acuerdos-comerciales-y-culturales\/\" \/>\n<meta property=\"og:site_name\" content=\"Puentechina\" \/>\n<meta property=\"article:published_time\" content=\"2023-09-26T09:05:31+00:00\" \/>\n<meta property=\"article:modified_time\" content=\"2023-09-26T09:05:45+00:00\" \/>\n<meta property=\"og:image\" content=\"https:\/\/www.puentechina.com\/wp-content\/uploads\/2023\/09\/FIRMA-ACUERDOS.jpg\" \/>\n\t<meta property=\"og:image:width\" content=\"4608\" \/>\n\t<meta property=\"og:image:height\" content=\"3072\" \/>\n<meta name=\"twitter:card\" content=\"summary_large_image\" \/>\n<meta name=\"twitter:label1\" content=\"Escrito por\" \/>\n\t<meta name=\"twitter:data1\" content=\"puentechina\" \/>\n\t<meta name=\"twitter:label2\" content=\"Tiempo de lectura\" \/>\n\t<meta name=\"twitter:data2\" content=\"1 minuto\" \/>\n<script type=\"application\/ld+json\" class=\"yoast-schema-graph\">{\"@context\":\"https:\/\/schema.org\",\"@graph\":[{\"@type\":\"Organization\",\"@id\":\"https:\/\/www.puentechina.com\/home\/#organization\",\"name\":\"PUENTECHINA\",\"url\":\"https:\/\/www.puentechina.com\/home\/\",\"sameAs\":[],\"logo\":{\"@type\":\"ImageObject\",\"@id\":\"https:\/\/www.puentechina.com\/home\/#logo\",\"inLanguage\":\"es\",\"url\":\"https:\/\/www.puentechina.com\/wp-content\/uploads\/2019\/03\/LOGO-TRANSPARENTE.jpg\",\"contentUrl\":\"https:\/\/www.puentechina.com\/wp-content\/uploads\/2019\/03\/LOGO-TRANSPARENTE.jpg\",\"width\":1600,\"height\":274,\"caption\":\"PUENTECHINA\"},\"image\":{\"@id\":\"https:\/\/www.puentechina.com\/home\/#logo\"}},{\"@type\":\"WebSite\",\"@id\":\"https:\/\/www.puentechina.com\/home\/#website\",\"url\":\"https:\/\/www.puentechina.com\/home\/\",\"name\":\"Puentechina\",\"description\":\"\",\"publisher\":{\"@id\":\"https:\/\/www.puentechina.com\/home\/#organization\"},\"potentialAction\":[{\"@type\":\"SearchAction\",\"target\":{\"@type\":\"EntryPoint\",\"urlTemplate\":\"https:\/\/www.puentechina.com\/home\/?s={search_term_string}\"},\"query-input\":\"required name=search_term_string\"}],\"inLanguage\":\"es\"},{\"@type\":\"ImageObject\",\"@id\":\"https:\/\/www.puentechina.com\/home\/la-cumbre-empresarial-de-shenzhen-acaba-con-acuerdos-comerciales-y-culturales\/#primaryimage\",\"inLanguage\":\"es\",\"url\":\"https:\/\/www.puentechina.com\/wp-content\/uploads\/2023\/09\/FIRMA-ACUERDOS.jpg\",\"contentUrl\":\"https:\/\/www.puentechina.com\/wp-content\/uploads\/2023\/09\/FIRMA-ACUERDOS.jpg\",\"width\":4608,\"height\":3072},{\"@type\":\"WebPage\",\"@id\":\"https:\/\/www.puentechina.com\/home\/la-cumbre-empresarial-de-shenzhen-acaba-con-acuerdos-comerciales-y-culturales\/#webpage\",\"url\":\"https:\/\/www.puentechina.com\/home\/la-cumbre-empresarial-de-shenzhen-acaba-con-acuerdos-comerciales-y-culturales\/\",\"name\":\"La cumbre empresarial de Shenzhen acaba con acuerdos comerciales y culturales - Puentechina\",\"isPartOf\":{\"@id\":\"https:\/\/www.puentechina.com\/home\/#website\"},\"primaryImageOfPage\":{\"@id\":\"https:\/\/www.puentechina.com\/home\/la-cumbre-empresarial-de-shenzhen-acaba-con-acuerdos-comerciales-y-culturales\/#primaryimage\"},\"datePublished\":\"2023-09-26T09:05:31+00:00\",\"dateModified\":\"2023-09-26T09:05:45+00:00\",\"breadcrumb\":{\"@id\":\"https:\/\/www.puentechina.com\/home\/la-cumbre-empresarial-de-shenzhen-acaba-con-acuerdos-comerciales-y-culturales\/#breadcrumb\"},\"inLanguage\":\"es\",\"potentialAction\":[{\"@type\":\"ReadAction\",\"target\":[\"https:\/\/www.puentechina.com\/home\/la-cumbre-empresarial-de-shenzhen-acaba-con-acuerdos-comerciales-y-culturales\/\"]}]},{\"@type\":\"BreadcrumbList\",\"@id\":\"https:\/\/www.puentechina.com\/home\/la-cumbre-empresarial-de-shenzhen-acaba-con-acuerdos-comerciales-y-culturales\/#breadcrumb\",\"itemListElement\":[{\"@type\":\"ListItem\",\"position\":1,\"name\":\"Portada\",\"item\":\"https:\/\/www.puentechina.com\/home\/\"},{\"@type\":\"ListItem\",\"position\":2,\"name\":\"La cumbre empresarial de Shenzhen acaba con acuerdos comerciales y culturales\"}]},{\"@type\":\"Article\",\"@id\":\"https:\/\/www.puentechina.com\/home\/la-cumbre-empresarial-de-shenzhen-acaba-con-acuerdos-comerciales-y-culturales\/#article\",\"isPartOf\":{\"@id\":\"https:\/\/www.puentechina.com\/home\/la-cumbre-empresarial-de-shenzhen-acaba-con-acuerdos-comerciales-y-culturales\/#webpage\"},\"author\":{\"@id\":\"https:\/\/www.puentechina.com\/home\/#\/schema\/person\/a1db63509e77d8a4d8aeadb25be41964\"},\"headline\":\"La cumbre empresarial de Shenzhen acaba con acuerdos comerciales y culturales\",\"datePublished\":\"2023-09-26T09:05:31+00:00\",\"dateModified\":\"2023-09-26T09:05:45+00:00\",\"mainEntityOfPage\":{\"@id\":\"https:\/\/www.puentechina.com\/home\/la-cumbre-empresarial-de-shenzhen-acaba-con-acuerdos-comerciales-y-culturales\/#webpage\"},\"wordCount\":128,\"publisher\":{\"@id\":\"https:\/\/www.puentechina.com\/home\/#organization\"},\"image\":{\"@id\":\"https:\/\/www.puentechina.com\/home\/la-cumbre-empresarial-de-shenzhen-acaba-con-acuerdos-comerciales-y-culturales\/#primaryimage\"},\"thumbnailUrl\":\"https:\/\/www.puentechina.com\/wp-content\/uploads\/2023\/09\/FIRMA-ACUERDOS.jpg\",\"articleSection\":[\"Noticias\",\"Relaciones Institucionales\",\"Sin categorizar\"],\"inLanguage\":\"es\"},{\"@type\":\"Person\",\"@id\":\"https:\/\/www.puentechina.com\/home\/#\/schema\/person\/a1db63509e77d8a4d8aeadb25be41964\",\"name\":\"puentechina\",\"url\":\"https:\/\/www.puentechina.com\/home\/author\/puentechina\/\"}]}<\/script>\n<!-- \/ Yoast SEO plugin. -->","yoast_head_json":{"title":"La cumbre empresarial de Shenzhen acaba con acuerdos comerciales y culturales - Puentechina","robots":{"index":"index","follow":"follow","max-snippet":"max-snippet:-1","max-image-preview":"max-image-preview:large","max-video-preview":"max-video-preview:-1"},"canonical":"https:\/\/www.puentechina.com\/home\/la-cumbre-empresarial-de-shenzhen-acaba-con-acuerdos-comerciales-y-culturales\/","og_locale":"es_ES","og_type":"article","og_title":"La cumbre empresarial de Shenzhen acaba con acuerdos comerciales y culturales - Puentechina","og_description":"La Conferencia Internacional de Shenzhen en Espa\u00f1a result\u00f3 todo un \u00e9xito, atrayendo a m\u00e1s de 600 empresarios comprometidos en el fortalecimiento de las relaciones bilaterales entre China y Espa\u00f1a. Liling Qi, presidenta de nuestro Grupo y de la Asociaci\u00f3n de Industria y Comercio de Shenzhen en Espa\u00f1a, entidad organizadora de la conferencia, desempe\u00f1\u00f3 un papel [&hellip;]","og_url":"https:\/\/www.puentechina.com\/home\/la-cumbre-empresarial-de-shenzhen-acaba-con-acuerdos-comerciales-y-culturales\/","og_site_name":"Puentechina","article_published_time":"2023-09-26T09:05:31+00:00","article_modified_time":"2023-09-26T09:05:45+00:00","og_image":[{"width":4608,"height":3072,"url":"https:\/\/www.puentechina.com\/wp-content\/uploads\/2023\/09\/FIRMA-ACUERDOS.jpg","type":"image\/jpeg"}],"twitter_card":"summary_large_image","twitter_misc":{"Escrito por":"puentechina","Tiempo de lectura":"1 minuto"},"schema":{"@context":"https:\/\/schema.org","@graph":[{"@type":"Organization","@id":"https:\/\/www.puentechina.com\/home\/#organization","name":"PUENTECHINA","url":"https:\/\/www.puentechina.com\/home\/","sameAs":[],"logo":{"@type":"ImageObject","@id":"https:\/\/www.puentechina.com\/home\/#logo","inLanguage":"es","url":"https:\/\/www.puentechina.com\/wp-content\/uploads\/2019\/03\/LOGO-TRANSPARENTE.jpg","contentUrl":"https:\/\/www.puentechina.com\/wp-content\/uploads\/2019\/03\/LOGO-TRANSPARENTE.jpg","width":1600,"height":274,"caption":"PUENTECHINA"},"image":{"@id":"https:\/\/www.puentechina.com\/home\/#logo"}},{"@type":"WebSite","@id":"https:\/\/www.puentechina.com\/home\/#website","url":"https:\/\/www.puentechina.com\/home\/","name":"Puentechina","description":"","publisher":{"@id":"https:\/\/www.puentechina.com\/home\/#organization"},"potentialAction":[{"@type":"SearchAction","target":{"@type":"EntryPoint","urlTemplate":"https:\/\/www.puentechina.com\/home\/?s={search_term_string}"},"query-input":"required name=search_term_string"}],"inLanguage":"es"},{"@type":"ImageObject","@id":"https:\/\/www.puentechina.com\/home\/la-cumbre-empresarial-de-shenzhen-acaba-con-acuerdos-comerciales-y-culturales\/#primaryimage","inLanguage":"es","url":"https:\/\/www.puentechina.com\/wp-content\/uploads\/2023\/09\/FIRMA-ACUERDOS.jpg","contentUrl":"https:\/\/www.puentechina.com\/wp-content\/uploads\/2023\/09\/FIRMA-ACUERDOS.jpg","width":4608,"height":3072},{"@type":"WebPage","@id":"https:\/\/www.puentechina.com\/home\/la-cumbre-empresarial-de-shenzhen-acaba-con-acuerdos-comerciales-y-culturales\/#webpage","url":"https:\/\/www.puentechina.com\/home\/la-cumbre-empresarial-de-shenzhen-acaba-con-acuerdos-comerciales-y-culturales\/","name":"La cumbre empresarial de Shenzhen acaba con acuerdos comerciales y culturales - Puentechina","isPartOf":{"@id":"https:\/\/www.puentechina.com\/home\/#website"},"primaryImageOfPage":{"@id":"https:\/\/www.puentechina.com\/home\/la-cumbre-empresarial-de-shenzhen-acaba-con-acuerdos-comerciales-y-culturales\/#primaryimage"},"datePublished":"2023-09-26T09:05:31+00:00","dateModified":"2023-09-26T09:05:45+00:00","breadcrumb":{"@id":"https:\/\/www.puentechina.com\/home\/la-cumbre-empresarial-de-shenzhen-acaba-con-acuerdos-comerciales-y-culturales\/#breadcrumb"},"inLanguage":"es","potentialAction":[{"@type":"ReadAction","target":["https:\/\/www.puentechina.com\/home\/la-cumbre-empresarial-de-shenzhen-acaba-con-acuerdos-comerciales-y-culturales\/"]}]},{"@type":"BreadcrumbList","@id":"https:\/\/www.puentechina.com\/home\/la-cumbre-empresarial-de-shenzhen-acaba-con-acuerdos-comerciales-y-culturales\/#breadcrumb","itemListElement":[{"@type":"ListItem","position":1,"name":"Portada","item":"https:\/\/www.puentechina.com\/home\/"},{"@type":"ListItem","position":2,"name":"La cumbre empresarial de Shenzhen acaba con acuerdos comerciales y culturales"}]},{"@type":"Article","@id":"https:\/\/www.puentechina.com\/home\/la-cumbre-empresarial-de-shenzhen-acaba-con-acuerdos-comerciales-y-culturales\/#article","isPartOf":{"@id":"https:\/\/www.puentechina.com\/home\/la-cumbre-empresarial-de-shenzhen-acaba-con-acuerdos-comerciales-y-culturales\/#webpage"},"author":{"@id":"https:\/\/www.puentechina.com\/home\/#\/schema\/person\/a1db63509e77d8a4d8aeadb25be41964"},"headline":"La cumbre empresarial de Shenzhen acaba con acuerdos comerciales y culturales","datePublished":"2023-09-26T09:05:31+00:00","dateModified":"2023-09-26T09:05:45+00:00","mainEntityOfPage":{"@id":"https:\/\/www.puentechina.com\/home\/la-cumbre-empresarial-de-shenzhen-acaba-con-acuerdos-comerciales-y-culturales\/#webpage"},"wordCount":128,"publisher":{"@id":"https:\/\/www.puentechina.com\/home\/#organization"},"image":{"@id":"https:\/\/www.puentechina.com\/home\/la-cumbre-empresarial-de-shenzhen-acaba-con-acuerdos-comerciales-y-culturales\/#primaryimage"},"thumbnailUrl":"https:\/\/www.puentechina.com\/wp-content\/uploads\/2023\/09\/FIRMA-ACUERDOS.jpg","articleSection":["Noticias","Relaciones Institucionales","Sin categorizar"],"inLanguage":"es"},{"@type":"Person","@id":"https:\/\/www.puentechina.com\/home\/#\/schema\/person\/a1db63509e77d8a4d8aeadb25be41964","name":"puentechina","url":"https:\/\/www.puentechina.com\/home\/author\/puentechina\/"}]}},"_links":{"self":[{"href":"https:\/\/www.puentechina.com\/home\/wp-json\/wp\/v2\/posts\/4523"}],"collection":[{"href":"https:\/\/www.puentechina.com\/home\/wp-json\/wp\/v2\/posts"}],"about":[{"href":"https:\/\/www.puentechina.com\/home\/wp-json\/wp\/v2\/types\/post"}],"author":[{"embeddable":true,"href":"https:\/\/www.puentechina.com\/home\/wp-json\/wp\/v2\/users\/2"}],"replies":[{"embeddable":true,"href":"https:\/\/www.puentechina.com\/home\/wp-json\/wp\/v2\/comments?post=4523"}],"version-history":[{"count":2,"href":"https:\/\/www.puentechina.com\/home\/wp-json\/wp\/v2\/posts\/4523\/revisions"}],"predecessor-version":[{"id":4537,"href":"https:\/\/www.puentechina.com\/home\/wp-json\/wp\/v2\/posts\/4523\/revisions\/4537"}],"wp:featuredmedia":[{"embeddable":true,"href":"https:\/\/www.puentechina.com\/home\/wp-json\/wp\/v2\/media\/4524"}],"wp:attachment":[{"href":"https:\/\/www.puentechina.com\/home\/wp-json\/wp\/v2\/media?parent=4523"}],"wp:term":[{"taxonomy":"category","embeddable":true,"href":"https:\/\/www.puentechina.com\/home\/wp-json\/wp\/v2\/categories?post=4523"},{"taxonomy":"post_tag","embeddable":true,"href":"https:\/\/www.puentechina.com\/home\/wp-json\/wp\/v2\/tags?post=4523"}],"curies":[{"name":"wp","href":"https:\/\/api.w.org\/{rel}","templated":true}]}}