{"id":5133,"date":"2025-02-07T16:19:27","date_gmt":"2025-02-07T16:19:27","guid":{"rendered":"https:\/\/www.puentechina.com\/home\/?p=5133"},"modified":"2025-02-07T16:43:10","modified_gmt":"2025-02-07T16:43:10","slug":"la-fundacion-puente-china-celebra-el-ano-nuevo-chino-apoyando-a-proyectos-educativos-y-de-investigacion-entre-espana-y-china","status":"publish","type":"post","link":"https:\/\/www.puentechina.com\/home\/la-fundacion-puente-china-celebra-el-ano-nuevo-chino-apoyando-a-proyectos-educativos-y-de-investigacion-entre-espana-y-china\/","title":{"rendered":"La Fundaci\u00f3n Puente China celebra el A\u00f1o Nuevo Chino apoyando a proyectos educativos y de investigaci\u00f3n entre Espa\u00f1a y China"},"content":{"rendered":"<p>&nbsp;<\/p>\n<ul>\n<li><strong>Barcelona celebr\u00f3 la llegada del A\u00f1o Nuevo Chino en un evento organizado por la Fundaci\u00f3n Puente China, entidad que promueve la colaboraci\u00f3n econ\u00f3mica y cultural entre China y Espa\u00f1a<\/strong><\/li>\n<\/ul>\n<p>&nbsp;<\/p>\n<ul>\n<li><strong>En su segunda edici\u00f3n, se concedieron los Premios Puente China a la aerol\u00ednea china Shenzhen Airlines por su cooperaci\u00f3n internacional con sus tres vuelos semanales directos entre Barcelona y Shenzhen, la tecnol\u00f3gica de la automoci\u00f3n FICOSA por su impulso empresarial y el Doctor Diego Gonz\u00e1lez Rivas por su apuesta a la formaci\u00f3n y al Desarrollo del Conocimiento.<\/strong><\/li>\n<\/ul>\n<p>&nbsp;<\/p>\n<ul>\n<li><strong>Durante este a\u00f1o nuevo 2025, la Fundaci\u00f3n otorgar\u00e1 complementos de becas a estudiantes de doctorado chinos y espa\u00f1oles, y a proyectos que ayuden a fomentar el conocimiento y el desarrollo en \u00e1reas clave como la ciencia, la tecnolog\u00eda, la sostenibilidad y el intercambio cultural entre China y Espa\u00f1a.<\/strong><\/li>\n<\/ul>\n<p>&nbsp;<\/p>\n<p><strong><img loading=\"lazy\" decoding=\"async\" class=\"aligncenter wp-image-5134 size-large\" src=\"https:\/\/www.puentechina.com\/wp-content\/uploads\/2025\/02\/A746207-Mejorado-NR-1024x668.jpg\" alt=\"\" width=\"1024\" height=\"668\" srcset=\"https:\/\/www.puentechina.com\/wp-content\/uploads\/2025\/02\/A746207-Mejorado-NR-1024x668.jpg 1024w, https:\/\/www.puentechina.com\/wp-content\/uploads\/2025\/02\/A746207-Mejorado-NR-300x196.jpg 300w, https:\/\/www.puentechina.com\/wp-content\/uploads\/2025\/02\/A746207-Mejorado-NR-768x501.jpg 768w, https:\/\/www.puentechina.com\/wp-content\/uploads\/2025\/02\/A746207-Mejorado-NR-1536x1002.jpg 1536w, https:\/\/www.puentechina.com\/wp-content\/uploads\/2025\/02\/A746207-Mejorado-NR-2048x1337.jpg 2048w\" sizes=\"(max-width: 1024px) 100vw, 1024px\" \/><\/strong><\/p>\n<p><strong>Barcelona, 5 de febrero de 2025.<\/strong> La <strong>Fundaci\u00f3n Puente China<\/strong> celebr\u00f3 la llegada del A\u00f1o Nuevo Chino, reuniendo a los m\u00e1ximos representantes de la cultura, econom\u00eda y pol\u00edtica nacional e internacional, en The Imperial de Barcelona. Durante el encuentro, se concedieron los <strong>II Premios Puente China<\/strong>, cuyo objetivo es reconocer la labor de aquellas instituciones y empresas que contribuyen a construir e impulsar las relaciones existentes entre China y Espa\u00f1a.<\/p>\n<p>Con motivo de la llegada del A\u00f1o de la Serpiente de Madera, que seg\u00fan el calendario lunar corresponde al a\u00f1o 4.723 y simboliza sabidur\u00eda y transformaci\u00f3n para dar lo mejor de uno mismo, la capital catalana se ha unido a las festividades con una celebraci\u00f3n especial organizada por la <strong>Fundaci\u00f3n Puente China<\/strong>, destacando as\u00ed la importancia cultural y el intercambio enriquecedor entre ambos pa\u00edses. Desde hace m\u00e1s de 30 a\u00f1os, el grupo lidera y organiza m\u00faltiples proyectos y eventos para promover las relaciones entre China y Espa\u00f1a en diferentes sectores como el sanitario, el inmobiliario y el asesoramiento que permite fomentar la colaboraci\u00f3n y el intercambio entre empresarios chinos y espa\u00f1oles.<\/p>\n<p><strong><img loading=\"lazy\" decoding=\"async\" class=\"aligncenter wp-image-5137 size-large\" src=\"https:\/\/www.puentechina.com\/wp-content\/uploads\/2025\/02\/A746082-Mejorado-NR_1-1024x747.jpg\" alt=\"\" width=\"1024\" height=\"747\" srcset=\"https:\/\/www.puentechina.com\/wp-content\/uploads\/2025\/02\/A746082-Mejorado-NR_1-1024x747.jpg 1024w, https:\/\/www.puentechina.com\/wp-content\/uploads\/2025\/02\/A746082-Mejorado-NR_1-300x219.jpg 300w, https:\/\/www.puentechina.com\/wp-content\/uploads\/2025\/02\/A746082-Mejorado-NR_1-768x560.jpg 768w, https:\/\/www.puentechina.com\/wp-content\/uploads\/2025\/02\/A746082-Mejorado-NR_1-1536x1120.jpg 1536w, https:\/\/www.puentechina.com\/wp-content\/uploads\/2025\/02\/A746082-Mejorado-NR_1-2048x1494.jpg 2048w\" sizes=\"(max-width: 1024px) 100vw, 1024px\" \/><\/strong><\/p>\n<p>Entre los asistentes para celebrar la entrada del a\u00f1o nuevo chino, han acudido <strong>Salvador Illa<\/strong>, President de la Generalitat de Catalu\u00f1a; <strong>Jordi Hereu<\/strong>, Ministro de Industria y Turismo del Gobierno; <strong>Jaume Collboni<\/strong>, alcalde del Ayuntamiento de Barcelona; <strong>Carlos Prieto<\/strong>, delegado del Gobierno en Catalu\u00f1a; <strong>Mar\u00eda Carmen Garc\u00eda-Calvillo<\/strong>, subdelegada del Gobierno en Barcelona; <strong>Jordi Valls<\/strong>, cuarto Teniente de alcald\u00eda del Ayuntamiento de Barcelona, <strong>Pilar D\u00edaz<\/strong>, delegada territorial del Govern de la Generalitat a Barcelona. La Ilma. Sra. <strong>Meng Yuhong<\/strong>, C\u00f3nsul General de la Rep\u00fablica Popular China en Barcelona y el Ilmo. Sr. <strong>Lloyd Milen<\/strong>, C\u00f3nsul General brit\u00e1nico de Barcelona, Baleares, Arag\u00f3n y Andorra han acudido a la cita junto a otras personalidades y representantes de organizaciones como <strong>Artur Mas<\/strong>, expresident de la Generalitat de Catalu\u00f1a; <strong>Pere Navarro<\/strong>, delegado especial del Estado en el Consorci de la Zona Franca de Barcelona; <strong>David Nogareda<\/strong> CEO de Hipra; <strong>Jos\u00e9 Mar\u00eda Torres<\/strong>, presidente de COPYMEC; <strong>Antoni Ca\u00f1ete<\/strong>, presidente de PIMEC o <strong>Francesc Fajula<\/strong>, CEO del Mobile World Congress que, como las premiadas, llevan a cabo acciones que tienen un impacto positivo para las relaciones entre ambos pa\u00edses.<\/p>\n<p>&nbsp;<\/p>\n<p><strong>E<\/strong><strong>l Jurado<\/strong><br \/>\nEl jurado, formado por la Sra. <strong>Lling Qi<\/strong>, presidente, y los patronos de la Fundaci\u00f3n Puente China compuesto por la Sra. <strong>Josefina Cambra<\/strong>, el Sr. <strong>Fernando Serrate<\/strong>, el Sr. <strong>Pedro Nueno<\/strong>, el Sr. <strong>Antoni Garrell<\/strong>, el Sr. <strong>Ram\u00f3n Agenjo<\/strong>, la Sra. <strong>Laura Ferrer<\/strong>, el Sr. <strong>Joan Gu\u00e0rdia<\/strong>, y la Sra. <strong>Lidan Qi<\/strong>, secretaria del jurado, han sido los responsables de elegir a los premiados.<\/p>\n<p>&nbsp;<\/p>\n<p><strong>Los Premiados<\/strong><br \/>\nLa aerol\u00ednea china <strong>Shenzhen Airlines<\/strong> ha sido reconocida con el <strong>Premio Puente China a la Cooperaci\u00f3n Internacional<\/strong>, por su apuesta por Barcelona y por su destacada labor en fortalecer las relaciones econ\u00f3micas y culturales entre China y Espa\u00f1a, con la creaci\u00f3n de 3 vuelos directos semanales entre Shenzhen y Barcelona.<\/p>\n<p><strong>FICOSA<\/strong>, ha recibido el <strong>Premio Puente China al Impulso Empresarial<\/strong> por su trabajo en impulsar la innovaci\u00f3n tecnol\u00f3gica por todo el mundo y consolidar una relaci\u00f3n empresarial de \u00e9xito<br \/>\nentre China y Espa\u00f1a.<\/p>\n<p>El <strong>Dr. Diego Gonz\u00e1lez Rivas<\/strong> ha sido galardonado con el <strong>Premio Puente China a la Formaci\u00f3n y al Desarrollo del Conocimiento<\/strong>, por su contribuci\u00f3n a la innovaci\u00f3n quir\u00fargica en el \u00e1mbito sanitario y por difundir su t\u00e9cnica uniportal a todos los cirujanos tor\u00e1cicos del mundo para mejorar la calidad de vida de los pacientes.<\/p>\n<p><strong><img loading=\"lazy\" decoding=\"async\" class=\"aligncenter wp-image-5140 size-large\" src=\"https:\/\/www.puentechina.com\/wp-content\/uploads\/2025\/02\/A746747-1024x683.jpg\" alt=\"\" width=\"1024\" height=\"683\" srcset=\"https:\/\/www.puentechina.com\/wp-content\/uploads\/2025\/02\/A746747-1024x683.jpg 1024w, https:\/\/www.puentechina.com\/wp-content\/uploads\/2025\/02\/A746747-300x200.jpg 300w, https:\/\/www.puentechina.com\/wp-content\/uploads\/2025\/02\/A746747-768x512.jpg 768w, https:\/\/www.puentechina.com\/wp-content\/uploads\/2025\/02\/A746747-1536x1024.jpg 1536w, https:\/\/www.puentechina.com\/wp-content\/uploads\/2025\/02\/A746747-2048x1365.jpg 2048w, https:\/\/www.puentechina.com\/wp-content\/uploads\/2025\/02\/A746747-1500x1000.jpg 1500w\" sizes=\"(max-width: 1024px) 100vw, 1024px\" \/><\/strong><br \/>\nDurante el encuentro, <strong>Jordi Hereu<\/strong>, ministro de Industria y Turismo del Gobierno, ha destacado \u201cel \u00edmpetu y el dinamismo de las dos hermanas Qi, por construir un puente entre Barcelona, Catalu\u00f1a, Espa\u00f1a y China\u201d y ha expresado de forma muy clara y rotunda que Espa\u00f1a \u201ces un pa\u00eds abierto a la cooperaci\u00f3n y al di\u00e1logo, con el prop\u00f3sito de construir puentes, y no levantar muros, entre pueblos en favor del progreso de todas y cada una de las sociedades.\u201d<\/p>\n<p>Por su parte, <strong>Liling Qi<\/strong>, presidenta de la Fundaci\u00f3n Puente China y del jurado de los Premios, ha agradecido el apoyo de todos los asistentes y ha felicitado a los premiados \u201cpor su labor de cooperaci\u00f3n y colaboraci\u00f3n que les ha hecho merecedores de este reconocimiento,\u201d y ha a\u00f1adido que la Fundaci\u00f3n seguir\u00e1 \u201capoyando la educaci\u00f3n y la investigaci\u00f3n, otorgando complementos de becas a estudiantes de doctorado chinos y espa\u00f1oles, y a proyectos que ayuden a fomentar el conocimiento y el desarrollo en \u00e1reas clave como la ciencia, la tecnolog\u00eda, la sostenibilidad y el intercambio cultural entre China y Espa\u00f1a.\u201d De este modo concluye que \u201cal compartir experiencias, aprender otras lenguas y entender otras culturas, haremos que el futuro se convierta en un futuro de convivencia, respeto y paz.\u201d<\/p>\n<p>Por \u00faltimo, <strong>Meng Yuhong<\/strong>, c\u00f3nsul general de China en Barcelona, ha querido resaltar \u201cla importancia de conectar personas de diferentes culturas para crear v\u00ednculos m\u00e1s fuertes entre China y Espa\u00f1a\u201d.<\/p>\n<p>En este sentido, es fundamental destacar la importancia de fomentar la presencia de empresas chinas en territorio espa\u00f1ol, para impulsar el crecimiento econ\u00f3mico, la creaci\u00f3n de empleo y para contribuir a la diversificaci\u00f3n y fortalecimiento de relaciones comerciales entre ambos pa\u00edses. Adem\u00e1s, facilita el intercambio de conocimientos y tecnolog\u00edas en \u00e1reas clave como la ciencia, la tecnolog\u00eda, la sostenibilidad o el desarrollo empresarial.<\/p>\n<p><img loading=\"lazy\" decoding=\"async\" class=\"aligncenter wp-image-5152 size-large\" src=\"https:\/\/www.puentechina.com\/wp-content\/uploads\/2025\/02\/A746923-Mejorado-NR-1024x683.jpg\" alt=\"\" width=\"1024\" height=\"683\" srcset=\"https:\/\/www.puentechina.com\/wp-content\/uploads\/2025\/02\/A746923-Mejorado-NR-1024x683.jpg 1024w, https:\/\/www.puentechina.com\/wp-content\/uploads\/2025\/02\/A746923-Mejorado-NR-300x200.jpg 300w, https:\/\/www.puentechina.com\/wp-content\/uploads\/2025\/02\/A746923-Mejorado-NR-768x512.jpg 768w, https:\/\/www.puentechina.com\/wp-content\/uploads\/2025\/02\/A746923-Mejorado-NR-1536x1024.jpg 1536w, https:\/\/www.puentechina.com\/wp-content\/uploads\/2025\/02\/A746923-Mejorado-NR-2048x1365.jpg 2048w, https:\/\/www.puentechina.com\/wp-content\/uploads\/2025\/02\/A746923-Mejorado-NR-1500x1000.jpg 1500w\" sizes=\"(max-width: 1024px) 100vw, 1024px\" \/><\/p>\n","protected":false},"excerpt":{"rendered":"<p>&nbsp; Barcelona celebr\u00f3 la llegada del A\u00f1o Nuevo Chino en un evento organizado por la Fundaci\u00f3n Puente China, entidad que promueve la colaboraci\u00f3n econ\u00f3mica y cultural entre China y Espa\u00f1a &nbsp; En su segunda edici\u00f3n, se concedieron los Premios Puente China a la aerol\u00ednea china Shenzhen Airlines por su cooperaci\u00f3n internacional con sus tres vuelos [&hellip;]<\/p>\n","protected":false},"author":2,"featured_media":5144,"comment_status":"closed","ping_status":"closed","sticky":false,"template":"","format":"standard","meta":{"footnotes":""},"categories":[7,5,11,10],"tags":[],"yoast_head":"<!-- This site is optimized with the Yoast SEO plugin v17.5 - https:\/\/yoast.com\/wordpress\/plugins\/seo\/ -->\n<title>La Fundaci\u00f3n Puente China celebra el A\u00f1o Nuevo Chino apoyando a proyectos educativos y de investigaci\u00f3n entre Espa\u00f1a y China - Puentechina<\/title>\n<meta name=\"robots\" content=\"index, follow, max-snippet:-1, max-image-preview:large, max-video-preview:-1\" \/>\n<link rel=\"canonical\" href=\"https:\/\/www.puentechina.com\/home\/la-fundacion-puente-china-celebra-el-ano-nuevo-chino-apoyando-a-proyectos-educativos-y-de-investigacion-entre-espana-y-china\/\" \/>\n<meta property=\"og:locale\" content=\"es_ES\" \/>\n<meta property=\"og:type\" content=\"article\" \/>\n<meta property=\"og:title\" content=\"La Fundaci\u00f3n Puente China celebra el A\u00f1o Nuevo Chino apoyando a proyectos educativos y de investigaci\u00f3n entre Espa\u00f1a y China - Puentechina\" \/>\n<meta property=\"og:description\" content=\"&nbsp; Barcelona celebr\u00f3 la llegada del A\u00f1o Nuevo Chino en un evento organizado por la Fundaci\u00f3n Puente China, entidad que promueve la colaboraci\u00f3n econ\u00f3mica y cultural entre China y Espa\u00f1a &nbsp; En su segunda edici\u00f3n, se concedieron los Premios Puente China a la aerol\u00ednea china Shenzhen Airlines por su cooperaci\u00f3n internacional con sus tres vuelos [&hellip;]\" \/>\n<meta property=\"og:url\" content=\"https:\/\/www.puentechina.com\/home\/la-fundacion-puente-china-celebra-el-ano-nuevo-chino-apoyando-a-proyectos-educativos-y-de-investigacion-entre-espana-y-china\/\" \/>\n<meta property=\"og:site_name\" content=\"Puentechina\" \/>\n<meta property=\"article:published_time\" content=\"2025-02-07T16:19:27+00:00\" \/>\n<meta property=\"article:modified_time\" content=\"2025-02-07T16:43:10+00:00\" \/>\n<meta property=\"og:image\" content=\"https:\/\/www.puentechina.com\/wp-content\/uploads\/2025\/02\/A746207-Mejorado-NR-1-1024x668.jpg\" \/>\n\t<meta property=\"og:image:width\" content=\"1024\" \/>\n\t<meta property=\"og:image:height\" content=\"668\" \/>\n<meta name=\"twitter:card\" content=\"summary_large_image\" \/>\n<meta name=\"twitter:label1\" content=\"Escrito por\" \/>\n\t<meta name=\"twitter:data1\" content=\"puentechina\" \/>\n\t<meta name=\"twitter:label2\" content=\"Tiempo de lectura\" \/>\n\t<meta name=\"twitter:data2\" content=\"6 minutos\" \/>\n<script type=\"application\/ld+json\" class=\"yoast-schema-graph\">{\"@context\":\"https:\/\/schema.org\",\"@graph\":[{\"@type\":\"Organization\",\"@id\":\"https:\/\/www.puentechina.com\/home\/#organization\",\"name\":\"PUENTECHINA\",\"url\":\"https:\/\/www.puentechina.com\/home\/\",\"sameAs\":[],\"logo\":{\"@type\":\"ImageObject\",\"@id\":\"https:\/\/www.puentechina.com\/home\/#logo\",\"inLanguage\":\"es\",\"url\":\"https:\/\/www.puentechina.com\/wp-content\/uploads\/2019\/03\/LOGO-TRANSPARENTE.jpg\",\"contentUrl\":\"https:\/\/www.puentechina.com\/wp-content\/uploads\/2019\/03\/LOGO-TRANSPARENTE.jpg\",\"width\":1600,\"height\":274,\"caption\":\"PUENTECHINA\"},\"image\":{\"@id\":\"https:\/\/www.puentechina.com\/home\/#logo\"}},{\"@type\":\"WebSite\",\"@id\":\"https:\/\/www.puentechina.com\/home\/#website\",\"url\":\"https:\/\/www.puentechina.com\/home\/\",\"name\":\"Puentechina\",\"description\":\"\",\"publisher\":{\"@id\":\"https:\/\/www.puentechina.com\/home\/#organization\"},\"potentialAction\":[{\"@type\":\"SearchAction\",\"target\":{\"@type\":\"EntryPoint\",\"urlTemplate\":\"https:\/\/www.puentechina.com\/home\/?s={search_term_string}\"},\"query-input\":\"required name=search_term_string\"}],\"inLanguage\":\"es\"},{\"@type\":\"ImageObject\",\"@id\":\"https:\/\/www.puentechina.com\/home\/la-fundacion-puente-china-celebra-el-ano-nuevo-chino-apoyando-a-proyectos-educativos-y-de-investigacion-entre-espana-y-china\/#primaryimage\",\"inLanguage\":\"es\",\"url\":\"https:\/\/www.puentechina.com\/wp-content\/uploads\/2025\/02\/A746207-Mejorado-NR-1.jpg\",\"contentUrl\":\"https:\/\/www.puentechina.com\/wp-content\/uploads\/2025\/02\/A746207-Mejorado-NR-1.jpg\",\"width\":2968,\"height\":1937},{\"@type\":\"WebPage\",\"@id\":\"https:\/\/www.puentechina.com\/home\/la-fundacion-puente-china-celebra-el-ano-nuevo-chino-apoyando-a-proyectos-educativos-y-de-investigacion-entre-espana-y-china\/#webpage\",\"url\":\"https:\/\/www.puentechina.com\/home\/la-fundacion-puente-china-celebra-el-ano-nuevo-chino-apoyando-a-proyectos-educativos-y-de-investigacion-entre-espana-y-china\/\",\"name\":\"La Fundaci\\u00f3n Puente China celebra el A\\u00f1o Nuevo Chino apoyando a proyectos educativos y de investigaci\\u00f3n entre Espa\\u00f1a y China - Puentechina\",\"isPartOf\":{\"@id\":\"https:\/\/www.puentechina.com\/home\/#website\"},\"primaryImageOfPage\":{\"@id\":\"https:\/\/www.puentechina.com\/home\/la-fundacion-puente-china-celebra-el-ano-nuevo-chino-apoyando-a-proyectos-educativos-y-de-investigacion-entre-espana-y-china\/#primaryimage\"},\"datePublished\":\"2025-02-07T16:19:27+00:00\",\"dateModified\":\"2025-02-07T16:43:10+00:00\",\"breadcrumb\":{\"@id\":\"https:\/\/www.puentechina.com\/home\/la-fundacion-puente-china-celebra-el-ano-nuevo-chino-apoyando-a-proyectos-educativos-y-de-investigacion-entre-espana-y-china\/#breadcrumb\"},\"inLanguage\":\"es\",\"potentialAction\":[{\"@type\":\"ReadAction\",\"target\":[\"https:\/\/www.puentechina.com\/home\/la-fundacion-puente-china-celebra-el-ano-nuevo-chino-apoyando-a-proyectos-educativos-y-de-investigacion-entre-espana-y-china\/\"]}]},{\"@type\":\"BreadcrumbList\",\"@id\":\"https:\/\/www.puentechina.com\/home\/la-fundacion-puente-china-celebra-el-ano-nuevo-chino-apoyando-a-proyectos-educativos-y-de-investigacion-entre-espana-y-china\/#breadcrumb\",\"itemListElement\":[{\"@type\":\"ListItem\",\"position\":1,\"name\":\"Portada\",\"item\":\"https:\/\/www.puentechina.com\/home\/\"},{\"@type\":\"ListItem\",\"position\":2,\"name\":\"La Fundaci\\u00f3n Puente China celebra el A\\u00f1o Nuevo Chino apoyando a proyectos educativos y de investigaci\\u00f3n entre Espa\\u00f1a y China\"}]},{\"@type\":\"Article\",\"@id\":\"https:\/\/www.puentechina.com\/home\/la-fundacion-puente-china-celebra-el-ano-nuevo-chino-apoyando-a-proyectos-educativos-y-de-investigacion-entre-espana-y-china\/#article\",\"isPartOf\":{\"@id\":\"https:\/\/www.puentechina.com\/home\/la-fundacion-puente-china-celebra-el-ano-nuevo-chino-apoyando-a-proyectos-educativos-y-de-investigacion-entre-espana-y-china\/#webpage\"},\"author\":{\"@id\":\"https:\/\/www.puentechina.com\/home\/#\/schema\/person\/a1db63509e77d8a4d8aeadb25be41964\"},\"headline\":\"La Fundaci\\u00f3n Puente China celebra el A\\u00f1o Nuevo Chino apoyando a proyectos educativos y de investigaci\\u00f3n entre Espa\\u00f1a y China\",\"datePublished\":\"2025-02-07T16:19:27+00:00\",\"dateModified\":\"2025-02-07T16:43:10+00:00\",\"mainEntityOfPage\":{\"@id\":\"https:\/\/www.puentechina.com\/home\/la-fundacion-puente-china-celebra-el-ano-nuevo-chino-apoyando-a-proyectos-educativos-y-de-investigacion-entre-espana-y-china\/#webpage\"},\"wordCount\":1128,\"publisher\":{\"@id\":\"https:\/\/www.puentechina.com\/home\/#organization\"},\"image\":{\"@id\":\"https:\/\/www.puentechina.com\/home\/la-fundacion-puente-china-celebra-el-ano-nuevo-chino-apoyando-a-proyectos-educativos-y-de-investigacion-entre-espana-y-china\/#primaryimage\"},\"thumbnailUrl\":\"https:\/\/www.puentechina.com\/wp-content\/uploads\/2025\/02\/A746207-Mejorado-NR-1.jpg\",\"articleSection\":[\"Actividades\",\"Actualidad\",\"Noticias\",\"Relaciones Institucionales\"],\"inLanguage\":\"es\"},{\"@type\":\"Person\",\"@id\":\"https:\/\/www.puentechina.com\/home\/#\/schema\/person\/a1db63509e77d8a4d8aeadb25be41964\",\"name\":\"puentechina\",\"url\":\"https:\/\/www.puentechina.com\/home\/author\/puentechina\/\"}]}<\/script>\n<!-- \/ Yoast SEO plugin. -->","yoast_head_json":{"title":"La Fundaci\u00f3n Puente China celebra el A\u00f1o Nuevo Chino apoyando a proyectos educativos y de investigaci\u00f3n entre Espa\u00f1a y China - Puentechina","robots":{"index":"index","follow":"follow","max-snippet":"max-snippet:-1","max-image-preview":"max-image-preview:large","max-video-preview":"max-video-preview:-1"},"canonical":"https:\/\/www.puentechina.com\/home\/la-fundacion-puente-china-celebra-el-ano-nuevo-chino-apoyando-a-proyectos-educativos-y-de-investigacion-entre-espana-y-china\/","og_locale":"es_ES","og_type":"article","og_title":"La Fundaci\u00f3n Puente China celebra el A\u00f1o Nuevo Chino apoyando a proyectos educativos y de investigaci\u00f3n entre Espa\u00f1a y China - Puentechina","og_description":"&nbsp; Barcelona celebr\u00f3 la llegada del A\u00f1o Nuevo Chino en un evento organizado por la Fundaci\u00f3n Puente China, entidad que promueve la colaboraci\u00f3n econ\u00f3mica y cultural entre China y Espa\u00f1a &nbsp; En su segunda edici\u00f3n, se concedieron los Premios Puente China a la aerol\u00ednea china Shenzhen Airlines por su cooperaci\u00f3n internacional con sus tres vuelos [&hellip;]","og_url":"https:\/\/www.puentechina.com\/home\/la-fundacion-puente-china-celebra-el-ano-nuevo-chino-apoyando-a-proyectos-educativos-y-de-investigacion-entre-espana-y-china\/","og_site_name":"Puentechina","article_published_time":"2025-02-07T16:19:27+00:00","article_modified_time":"2025-02-07T16:43:10+00:00","og_image":[{"width":1024,"height":668,"url":"https:\/\/www.puentechina.com\/wp-content\/uploads\/2025\/02\/A746207-Mejorado-NR-1-1024x668.jpg","type":"image\/jpeg"}],"twitter_card":"summary_large_image","twitter_misc":{"Escrito por":"puentechina","Tiempo de lectura":"6 minutos"},"schema":{"@context":"https:\/\/schema.org","@graph":[{"@type":"Organization","@id":"https:\/\/www.puentechina.com\/home\/#organization","name":"PUENTECHINA","url":"https:\/\/www.puentechina.com\/home\/","sameAs":[],"logo":{"@type":"ImageObject","@id":"https:\/\/www.puentechina.com\/home\/#logo","inLanguage":"es","url":"https:\/\/www.puentechina.com\/wp-content\/uploads\/2019\/03\/LOGO-TRANSPARENTE.jpg","contentUrl":"https:\/\/www.puentechina.com\/wp-content\/uploads\/2019\/03\/LOGO-TRANSPARENTE.jpg","width":1600,"height":274,"caption":"PUENTECHINA"},"image":{"@id":"https:\/\/www.puentechina.com\/home\/#logo"}},{"@type":"WebSite","@id":"https:\/\/www.puentechina.com\/home\/#website","url":"https:\/\/www.puentechina.com\/home\/","name":"Puentechina","description":"","publisher":{"@id":"https:\/\/www.puentechina.com\/home\/#organization"},"potentialAction":[{"@type":"SearchAction","target":{"@type":"EntryPoint","urlTemplate":"https:\/\/www.puentechina.com\/home\/?s={search_term_string}"},"query-input":"required name=search_term_string"}],"inLanguage":"es"},{"@type":"ImageObject","@id":"https:\/\/www.puentechina.com\/home\/la-fundacion-puente-china-celebra-el-ano-nuevo-chino-apoyando-a-proyectos-educativos-y-de-investigacion-entre-espana-y-china\/#primaryimage","inLanguage":"es","url":"https:\/\/www.puentechina.com\/wp-content\/uploads\/2025\/02\/A746207-Mejorado-NR-1.jpg","contentUrl":"https:\/\/www.puentechina.com\/wp-content\/uploads\/2025\/02\/A746207-Mejorado-NR-1.jpg","width":2968,"height":1937},{"@type":"WebPage","@id":"https:\/\/www.puentechina.com\/home\/la-fundacion-puente-china-celebra-el-ano-nuevo-chino-apoyando-a-proyectos-educativos-y-de-investigacion-entre-espana-y-china\/#webpage","url":"https:\/\/www.puentechina.com\/home\/la-fundacion-puente-china-celebra-el-ano-nuevo-chino-apoyando-a-proyectos-educativos-y-de-investigacion-entre-espana-y-china\/","name":"La Fundaci\u00f3n Puente China celebra el A\u00f1o Nuevo Chino apoyando a proyectos educativos y de investigaci\u00f3n entre Espa\u00f1a y China - Puentechina","isPartOf":{"@id":"https:\/\/www.puentechina.com\/home\/#website"},"primaryImageOfPage":{"@id":"https:\/\/www.puentechina.com\/home\/la-fundacion-puente-china-celebra-el-ano-nuevo-chino-apoyando-a-proyectos-educativos-y-de-investigacion-entre-espana-y-china\/#primaryimage"},"datePublished":"2025-02-07T16:19:27+00:00","dateModified":"2025-02-07T16:43:10+00:00","breadcrumb":{"@id":"https:\/\/www.puentechina.com\/home\/la-fundacion-puente-china-celebra-el-ano-nuevo-chino-apoyando-a-proyectos-educativos-y-de-investigacion-entre-espana-y-china\/#breadcrumb"},"inLanguage":"es","potentialAction":[{"@type":"ReadAction","target":["https:\/\/www.puentechina.com\/home\/la-fundacion-puente-china-celebra-el-ano-nuevo-chino-apoyando-a-proyectos-educativos-y-de-investigacion-entre-espana-y-china\/"]}]},{"@type":"BreadcrumbList","@id":"https:\/\/www.puentechina.com\/home\/la-fundacion-puente-china-celebra-el-ano-nuevo-chino-apoyando-a-proyectos-educativos-y-de-investigacion-entre-espana-y-china\/#breadcrumb","itemListElement":[{"@type":"ListItem","position":1,"name":"Portada","item":"https:\/\/www.puentechina.com\/home\/"},{"@type":"ListItem","position":2,"name":"La Fundaci\u00f3n Puente China celebra el A\u00f1o Nuevo Chino apoyando a proyectos educativos y de investigaci\u00f3n entre Espa\u00f1a y China"}]},{"@type":"Article","@id":"https:\/\/www.puentechina.com\/home\/la-fundacion-puente-china-celebra-el-ano-nuevo-chino-apoyando-a-proyectos-educativos-y-de-investigacion-entre-espana-y-china\/#article","isPartOf":{"@id":"https:\/\/www.puentechina.com\/home\/la-fundacion-puente-china-celebra-el-ano-nuevo-chino-apoyando-a-proyectos-educativos-y-de-investigacion-entre-espana-y-china\/#webpage"},"author":{"@id":"https:\/\/www.puentechina.com\/home\/#\/schema\/person\/a1db63509e77d8a4d8aeadb25be41964"},"headline":"La Fundaci\u00f3n Puente China celebra el A\u00f1o Nuevo Chino apoyando a proyectos educativos y de investigaci\u00f3n entre Espa\u00f1a y China","datePublished":"2025-02-07T16:19:27+00:00","dateModified":"2025-02-07T16:43:10+00:00","mainEntityOfPage":{"@id":"https:\/\/www.puentechina.com\/home\/la-fundacion-puente-china-celebra-el-ano-nuevo-chino-apoyando-a-proyectos-educativos-y-de-investigacion-entre-espana-y-china\/#webpage"},"wordCount":1128,"publisher":{"@id":"https:\/\/www.puentechina.com\/home\/#organization"},"image":{"@id":"https:\/\/www.puentechina.com\/home\/la-fundacion-puente-china-celebra-el-ano-nuevo-chino-apoyando-a-proyectos-educativos-y-de-investigacion-entre-espana-y-china\/#primaryimage"},"thumbnailUrl":"https:\/\/www.puentechina.com\/wp-content\/uploads\/2025\/02\/A746207-Mejorado-NR-1.jpg","articleSection":["Actividades","Actualidad","Noticias","Relaciones Institucionales"],"inLanguage":"es"},{"@type":"Person","@id":"https:\/\/www.puentechina.com\/home\/#\/schema\/person\/a1db63509e77d8a4d8aeadb25be41964","name":"puentechina","url":"https:\/\/www.puentechina.com\/home\/author\/puentechina\/"}]}},"_links":{"self":[{"href":"https:\/\/www.puentechina.com\/home\/wp-json\/wp\/v2\/posts\/5133"}],"collection":[{"href":"https:\/\/www.puentechina.com\/home\/wp-json\/wp\/v2\/posts"}],"about":[{"href":"https:\/\/www.puentechina.com\/home\/wp-json\/wp\/v2\/types\/post"}],"author":[{"embeddable":true,"href":"https:\/\/www.puentechina.com\/home\/wp-json\/wp\/v2\/users\/2"}],"replies":[{"embeddable":true,"href":"https:\/\/www.puentechina.com\/home\/wp-json\/wp\/v2\/comments?post=5133"}],"version-history":[{"count":5,"href":"https:\/\/www.puentechina.com\/home\/wp-json\/wp\/v2\/posts\/5133\/revisions"}],"predecessor-version":[{"id":5158,"href":"https:\/\/www.puentechina.com\/home\/wp-json\/wp\/v2\/posts\/5133\/revisions\/5158"}],"wp:featuredmedia":[{"embeddable":true,"href":"https:\/\/www.puentechina.com\/home\/wp-json\/wp\/v2\/media\/5144"}],"wp:attachment":[{"href":"https:\/\/www.puentechina.com\/home\/wp-json\/wp\/v2\/media?parent=5133"}],"wp:term":[{"taxonomy":"category","embeddable":true,"href":"https:\/\/www.puentechina.com\/home\/wp-json\/wp\/v2\/categories?post=5133"},{"taxonomy":"post_tag","embeddable":true,"href":"https:\/\/www.puentechina.com\/home\/wp-json\/wp\/v2\/tags?post=5133"}],"curies":[{"name":"wp","href":"https:\/\/api.w.org\/{rel}","templated":true}]}}