{"id":5168,"date":"2025-07-15T14:46:48","date_gmt":"2025-07-15T14:46:48","guid":{"rendered":"https:\/\/www.puentechina.com\/home\/?p=5168"},"modified":"2025-07-15T14:48:22","modified_gmt":"2025-07-15T14:48:22","slug":"lidan-qi-zhou-de-puente-china-espana-y-china-estan-en-su-luna-de-miel-es-momento-de-consolidar-relaciones-con-cataluna","status":"publish","type":"post","link":"https:\/\/www.puentechina.com\/home\/lidan-qi-zhou-de-puente-china-espana-y-china-estan-en-su-luna-de-miel-es-momento-de-consolidar-relaciones-con-cataluna\/","title":{"rendered":"Lidan Qi Zhou, de Puente China: \u00abEspa\u00f1a y China est\u00e1n en su luna de miel, es momento de consolidar relaciones con Catalu\u00f1a\u00bb"},"content":{"rendered":"<h2 class=\"article-header__subheading\" data-mrf-recirculation=\"Art\u00edculo - Subt\u00edtulo\">La consejera delegada de la consultora especializada en las relaciones bilaterales ofrece varios puntos clave sobre la inversi\u00f3n asi\u00e1tica en la regi\u00f3n, como la inmobiliaria, la sanitaria o la gastron\u00f3mica<\/h2>\n<p><em>Un reportaje de <a href=\"https:\/\/cronicaglobal.elespanol.com\/autor\/carla-rivero\/?utm_cmp_rs=authorpage\">Carla Rivero<\/a> en <a href=\"https:\/\/cronicaglobal.elespanol.com\/business\/20250622\/lidan-qi-zhou-puente-china-espana-cataluna\/1003742667140_0.html\">Cr\u00f3nica Global<\/a><\/em><\/p>\n<p>En pleno\u00a0Passeig de Gr\u00e0cia\u00a0hay dos plantas que trabajan con ah\u00ednco y discreci\u00f3n con el prop\u00f3sito de reforzar las relaciones entre China y Espa\u00f1a.\u00a0<strong>El coraz\u00f3n de la empresa Puente China late en Barcelona<\/strong>\u00a0y, aunque apenas hay rastro de ellos en las redes sociales, cualquiera del sector sabe qui\u00e9nes son. Casi cada d\u00eda, como comenta su consejera delegada\u00a0<strong>Lidan Qi Zhou<\/strong>, reciben en su despacho amplio y di\u00e1fano, con vistas a las obras de Pere Falqu\u00e9s, la visita de\u00a0<strong>delegaciones asi\u00e1ticas que quieren invertir en el pa\u00eds<\/strong>.<\/p>\n<p>A lo largo de casi tres d\u00e9cadas,\u00a0Puente China\u00a0ha reforzado relaciones comerciales, industriales y de amistad entre las dos naciones. Una amistad que, para Qi Zhou,\u00a0<strong>es imprescindible para la construcci\u00f3n de un nuevo horizonte econ\u00f3mico<\/strong>\u00a0que ya est\u00e1 en marcha, a la vista de los viajes intercontinentales de los mandatarios.<\/p>\n<p>En la d\u00e9cada de los noventa, la consultora\u00a0<strong>despunt\u00f3 en la gesti\u00f3n de negocios inmobiliarios<\/strong>, atrayendo inversores chinos a las tierras catalanas y, a d\u00eda de hoy, no se conforman solo con el patrimonio de lujo disponible en el mercado, sino que avanzan tanto\u00a0<strong>en inversi\u00f3n tecnol\u00f3gica, sanitaria, como gastron\u00f3mica<\/strong>. Puntos para reforzar la conexi\u00f3n entre ambas culturas en un momento especialmente dulce, como apunta Qi Zhou.<\/p>\n<p>&nbsp;<\/p>\n<p><img loading=\"lazy\" decoding=\"async\" class=\"alignnone size-full wp-image-5170\" src=\"https:\/\/www.puentechina.com\/wp-content\/uploads\/2025\/07\/Imagen1.jpg\" alt=\"\" width=\"320\" height=\"180\" srcset=\"https:\/\/www.puentechina.com\/wp-content\/uploads\/2025\/07\/Imagen1.jpg 320w, https:\/\/www.puentechina.com\/wp-content\/uploads\/2025\/07\/Imagen1-300x169.jpg 300w\" sizes=\"(max-width: 320px) 100vw, 320px\" \/><\/p>\n<p>Lidan Qi Zhou\u00a0Luis Miguel A\u00f1\u00f3n<\/p>\n<p>&nbsp;<\/p>\n<p><strong>Se establecieron en el a\u00f1o 1996 en Barcelona, en un momento en el que a\u00fan se viv\u00eda el ambiente de las Olimpiadas del 92. \u00bfPor qu\u00e9 decidieron venir a esta ciudad y qu\u00e9 se encontraron?<\/strong><\/p>\n<p>Mi madre lleg\u00f3 por primera vez a Espa\u00f1a en el a\u00f1o 85. Primero pas\u00f3 por Sevilla y, luego, se fue a M\u00e1laga. Mi hermana [Liling Qi Zhou, presidenta del grupo] y yo llegamos en el 89.\u00a0<strong>Comenzamos con\u00a0un peque\u00f1o negocio familiar de hosteler\u00eda, como todos los chinos que en ese momento hab\u00eda en Europa<\/strong>. Pero mi padre, que tiene una mente muy brillante, de emprendedor, se fij\u00f3 en que aqu\u00ed se vend\u00edan los mecheros sin m\u00fasica y sin luz, lisos, por 1.000 pesetas, mientras que en nuestro pa\u00eds val\u00edan 100 pesetas, con m\u00fasica y luz.<\/p>\n<p>As\u00ed que empezamos a importar mecheros y relojes en los a\u00f1os 90, siendo una de las primeras empresas de origen chino que tra\u00eda productos de China. Con las Olimpiadas del 92, mi padre decidi\u00f3 que toda la familia deb\u00eda ir a una ciudad m\u00e1s grande, con m\u00e1s oportunidades. Por esta raz\u00f3n nos mudamos de Fuengirola a Barcelona. De repente, dec\u00edan\u00a0<em>esquerra,\u00a0<\/em>\u00a1y a aprender catal\u00e1n!<\/p>\n<p><strong>Ese cambio tambi\u00e9n provoc\u00f3 que se adentraran en el mercado inmobiliario. Una Espa\u00f1a que crec\u00eda en la \u00e9poca previa a la burbuja y la crisis. Despu\u00e9s de ese per\u00edodo, China se encuentra ahora entre los principales pa\u00edses extranjeros que invierten aqu\u00ed. \u00bfA qu\u00e9 se debe?\u00a0<\/strong><\/p>\n<p><strong>Para China, el ladrillo es un valor seguro<\/strong>. Es m\u00e1s, en esta cultura una familia tiene que tener ladrillo, ya que da seguridad, y se le da mucha importancia en los casamientos, por ejemplo.\u00a0En su d\u00eda, la comunidad china estaba aqu\u00ed trabajando, ahorrando dinero, y se compraba sus inmuebles. Con respecto a la inversi\u00f3n y los capitales chinos, aprovecharon la \u00e9poca de la Golden Visa para buscar una oportunidad y la comodidad de viajar libremente por Europa, por lo que compraron inmuebles de medio y alto\u00a0<em>standing<\/em>.<\/p>\n<p>&nbsp;<\/p>\n<p><em><img loading=\"lazy\" decoding=\"async\" class=\"alignnone size-full wp-image-5173\" src=\"https:\/\/www.puentechina.com\/wp-content\/uploads\/2025\/07\/Imagen2.jpg\" alt=\"\" width=\"733\" height=\"413\" data-wp-editing=\"1\" srcset=\"https:\/\/www.puentechina.com\/wp-content\/uploads\/2025\/07\/Imagen2.jpg 733w, https:\/\/www.puentechina.com\/wp-content\/uploads\/2025\/07\/Imagen2-300x169.jpg 300w\" sizes=\"(max-width: 733px) 100vw, 733px\" \/><\/em><\/p>\n<p><em>La c\u00f3nsul china en Barcelona promete \u00abseguir con la apertura comercial\u00bb del pa\u00eds<\/em><\/p>\n<p>&nbsp;<\/p>\n<p><strong>Pol\u00edtica de divisas severa<\/strong><\/p>\n<p><strong>\u00bfC\u00f3mo acompa\u00f1an a estos inversores? Teniendo en cuenta que los expertos avisan que la burocracia espa\u00f1ola resulta confusa para los clientes internacionales.<\/strong><\/p>\n<p>En la parte inmobiliaria del grupo tenemos desde desarrollo de proyectos hasta transacciones y gesti\u00f3n de inmuebles. Acompa\u00f1amos durante todo el proceso, desde la selecci\u00f3n de producto que ofrecemos v\u00eda internet a trav\u00e9s de WeChat\u00a0\u2014una aplicaci\u00f3n de mensajer\u00eda china\u2014 hasta la compra, o, una vez preseleccionado, gestionamos la llegada del inversor a Espa\u00f1a. Aunque, a veces vienen o, a veces, ni vienen y escogen sobre cat\u00e1logo.<\/p>\n<p>Una vez escogido el producto es cuando se empieza toda la burocracia, donde lo m\u00e1s complejo siempre ha sido el tema bancario. Por un lado, porque en China hay una pol\u00edtica bastante severa de control de divisas, y aqu\u00ed, hay un control de blanqueo de capital en los bancos, igualmente severo. Cada banco utiliza su propio criterio.<\/p>\n<p><strong>No hay uno unificado.<\/strong><\/p>\n<p>No, dentro de la macroeconom\u00eda, cada uno estipula sus condiciones. Por ejemplo, uno te dice que el dinero no puede venir de organizaciones criminales y, por tanto, los n\u00fameros de origen tiene que ser muy claros. Vale, \u00bfqu\u00e9 necesitas? \u00bfLa renta? De acuerdo.<\/p>\n<p>Pero luego hay otros casos, como inversores que han comprado en Estados Unidos, han vendido su casa y, finalmente, quieren venir a Espa\u00f1a; y nos llegan a pedir el origen de este dinero de operaciones que han podido tener lugar hace una d\u00e9cada. As\u00ed que esta\u00a0<strong>es la parte m\u00e1s complicada de la inversi\u00f3n: justificar el origen del dinero<\/strong>\u00a0por las pol\u00edticas bancarias en el control de blanqueo de capitales, que es confuso y tardan bastante en contestar.<\/p>\n<p>&nbsp;<\/p>\n<p><em><img loading=\"lazy\" decoding=\"async\" class=\"alignnone size-full wp-image-5176\" src=\"https:\/\/www.puentechina.com\/wp-content\/uploads\/2025\/07\/Imagen3.jpg\" alt=\"\" width=\"320\" height=\"180\" srcset=\"https:\/\/www.puentechina.com\/wp-content\/uploads\/2025\/07\/Imagen3.jpg 320w, https:\/\/www.puentechina.com\/wp-content\/uploads\/2025\/07\/Imagen3-300x169.jpg 300w\" sizes=\"(max-width: 320px) 100vw, 320px\" \/><\/em><\/p>\n<p><em>M\u00e1s all\u00e1 de la Golden Visa: China mantiene su inter\u00e9s en el sector inmobiliario de Catalu\u00f1a como puente hacia Europa<\/em><\/p>\n<p>&nbsp;<\/p>\n<p><strong>La retirada de la Golden Visa<\/strong><\/p>\n<p><strong>\u00bfA sus clientes qu\u00e9 tipo de inmuebles les interesan m\u00e1s?<\/strong><\/p>\n<p>Hist\u00f3ricamente, siempre se han interesado en viviendas, porque es m\u00e1s f\u00e1cil de alquilar o para uso propio, ya que muchas veces vienen con ni\u00f1os para escolarizarse y establecerse.\u00a0Ahora, con el tema de escasez de viviendas, que es un problema real en la sociedad, tambi\u00e9n se est\u00e1 reorientando en \u00e1mbitos m\u00e1s industriales y de desarrollo urban\u00edstico u hotelero.<\/p>\n<p><strong>Nombraba la Golden Visa, que dej\u00f3 de funcionar en abril de este a\u00f1o. \u00bfHa desincentivado la inversi\u00f3n china?<\/strong><\/p>\n<p>S\u00ed, sobre todo al p\u00fablico chino que busca comprar una casa y venir a vivir. Las familias de clase media y media-alta deciden enviar a sus ni\u00f1os a estudiar fuera porque en China hay mucha competitividad y, tambi\u00e9n, quieren que tengan una visi\u00f3n m\u00e1s global. As\u00ed que miran d\u00f3nde es m\u00e1s f\u00e1cil conseguir ese permiso de residencia. Sobre todo, hubo un\u00a0<em>boom<\/em>\u00a0entre el 2014 y 2019 y, a partir del confinamiento en China a ra\u00edz de la Covid-19, por lo que entre 2023 y 2024. Pero no ha desincentivado al p\u00fablico que busca invertir.<\/p>\n<p><strong>En 2020, se metieron de lleno en la importaci\u00f3n de material sanitario y lograron gestionar la compra de 1,9 millones de\u00a0mascarillas para el Govern catal\u00e1n por un precio de 931.000 euros. \u00bfC\u00f3mo recuerda aquel momento de crisis sanitaria?\u00a0<\/strong><\/p>\n<p>Mis padres estaban de viaje en China, volvieron en enero y se autoconfinaron en casa. De hecho, la gente no entend\u00eda por qu\u00e9 los chinos se autoconfinaban, y mi padre dec\u00eda que, claramente, era un tema de responsabilidad hacia la sociedad, no quer\u00eda contagiar a los dem\u00e1s. Pero hay quien hubo que pensaba que \u00e9ramos unos exagerados. Efectivamente, en el mes de marzo pas\u00f3 esto.<\/p>\n<p>En enero, cuando comenz\u00f3 la pandemia en China, nosotros ya recaudamos fondos con ayuda de amigos e instituciones, llegando a donar 50.000 mascarillas en el pa\u00eds. En marzo,\u00a0con la situaci\u00f3n a la inversa, tambi\u00e9n ayudamos, con el apoyo de empresarios chinos, a la donaci\u00f3n de mascarillas en Espa\u00f1a. Lo curioso fue que, a pesar de que la cadena de suministros se rompiera porque no hab\u00eda material, nosotros gestionamos la entrega desde China para sorpresa de las instituciones. Nuestros pedidos llegaban a tiempo, mientras ellos esperaban hasta 20 d\u00edas. \u00bfC\u00f3mo era posible esto?<\/p>\n<p>&nbsp;<\/p>\n<p><img loading=\"lazy\" decoding=\"async\" class=\"alignnone size-full wp-image-5179\" src=\"https:\/\/www.puentechina.com\/wp-content\/uploads\/2025\/07\/Imagen4.jpg\" alt=\"\" width=\"320\" height=\"180\" srcset=\"https:\/\/www.puentechina.com\/wp-content\/uploads\/2025\/07\/Imagen4.jpg 320w, https:\/\/www.puentechina.com\/wp-content\/uploads\/2025\/07\/Imagen4-300x169.jpg 300w\" sizes=\"(max-width: 320px) 100vw, 320px\" \/><\/p>\n<p>Lidan Qi Zhou\u00a0Luis Miguel A\u00f1\u00f3n<\/p>\n<p>&nbsp;<\/p>\n<p><strong>La gesti\u00f3n de las mascarilllas durante la Covid-19<\/strong><\/p>\n<p><strong>\u00bfC\u00f3mo?<\/strong><\/p>\n<p>Esto era posible gracias a los m\u00e1s de 20 a\u00f1os que llevamos sembrando las relaciones entre China y Espa\u00f1a. Cada mes, ven\u00edan delegaciones chinas, institucionales, empresariales, de todo tipo, y\u00a0les recog\u00edamos en el aeropuerto, les invit\u00e1bamos a comer, les ense\u00f1\u00e1bamos Barcelona, \u00a1todo esto sin cobrar! Y lo hac\u00edamos porque, en la cultura china, uno acoge como si fuera tu amigo y le tratas como si estuvieran en su casa.<\/p>\n<p>As\u00ed que, gracias a todos estos a\u00f1os, invirtiendo en sentimientos y en cultura, pues, cuando necesitas algo, ellos te abren todas sus puertas. Nos dieron todas las facilidades posibles y nuestros pedidos se adelantaron a la de todos los otros pa\u00edses, como Estados Unidos, Inglaterra o Francia. Nuestros camiones cargaban antes que los dem\u00e1s, y llegaba el producto.<\/p>\n<p><strong>Ante los casos que se conocen sobre la gesti\u00f3n indebida de dinero p\u00fablico, \u00bfc\u00f3mo lo ve\u00edan?<\/strong><\/p>\n<p>Nos sorprend\u00edamos. Logramos un tercio de los precios y con transporte incluido, mientras que en\u00a0estos casos es sin traslado\u00a0y dos tercios m\u00e1s caro. Con diferencias de tiempo, tambi\u00e9n, porque nuestros pedidos llegaron entre marzo y mayo, y lo de estas gestiones en julio, cuando los precios hab\u00edan ca\u00eddo en picado. Recordad, lo m\u00e1s caro era el transporte, no el producto. Si un avi\u00f3n normal pod\u00eda valer igual 400.000 d\u00f3lares, en el momento de la pandemia ascend\u00eda a 2,9 millones. Todo el mundo pujaba. Iba as\u00ed. Era un mercado persa.<\/p>\n<p>Ven\u00edamos de\u00a0gesti\u00f3n de patrimonio, consultor\u00eda, despacho de abogados e inmobiliaria, y ten\u00edamos que atender todas las peticiones. Estaba en plena mudanza y me pill\u00f3 el d\u00eda antes de la declaraci\u00f3n del estado de alarma en marzo, pues las cajas las desenvolv\u00ed en agosto. No salimos de casa, trabaj\u00e1bamos todo el d\u00eda, dorm\u00edamos apenas tres horas, mi hermana se desmay\u00f3 tres veces de tanto trabajo&#8230; Ten\u00edamos que atender el horario espa\u00f1ol y de China para que todo saliera perfecto, porque cualquier error pod\u00eda romper la cadena y que el avi\u00f3n llegara vac\u00edo, habiendo ya pagado todo el transporte.<\/p>\n<p><strong>Fue todo un aprendizaje.<\/strong><\/p>\n<p>Ve\u00edas lo bonito de que todo el mundo ayudara. De las partidas que tra\u00edamos, intent\u00e1bamos donar a la fundaci\u00f3n de ni\u00f1os con s\u00edndrome de Down, a las monjas, a los comedores sociales, y, es m\u00e1s, los empresarios catalanes ven\u00edan y nos ayudaban a descargar los\u00a0<em>containers<\/em>\u00a0y los repart\u00edan, porque no ten\u00edamos ni mozos. Tambi\u00e9n, llegamos a donar a Andaluc\u00eda, Madrid, Baleares, pero sobre todo a Catalu\u00f1a.<\/p>\n<p><strong>Un momento que aprovecharon para adentrarse en el \u00e1rea sanitaria.<\/strong><\/p>\n<p>S\u00ed, por ejemplo, tenemos una pata de innovaci\u00f3n\u00a0con ingenier\u00eda propia, en la que hay tanto\u00a0<em>software\u00a0<\/em>como\u00a0<em>hardware.<\/em>\u00a0Con impresi\u00f3n 3D, hemos dise\u00f1ado una\u00a0<em>supply box<\/em>, que es una caja inteligente que ayuda a gestionar el\u00a0<em>stock<\/em>\u00a0de los hospitales. Hemos ganado la licitaci\u00f3n en varios centros de Catalu\u00f1a y estamos contentos con esta empresa tan nueva.<\/p>\n<p>Adem\u00e1s, nuestro objetivo es traer la buena tecnolog\u00eda china aqu\u00ed e introducirla en los hospitales para beneficiar a los pacientes. Al igual que podemos trasladar los buenos servicios espa\u00f1oles al p\u00fablico chino y, por qu\u00e9 no, hacer proyectos conjuntos.<\/p>\n<p>&nbsp;<\/p>\n<p><strong>\u00abA Illa se le pondr\u00e1 la alfombra roja\u00bb<\/strong><\/p>\n<p><strong>\u00bfQu\u00e9 opina sobre la gira que est\u00e1 haciendo el president\u00a0Salvador Illa, primero por Jap\u00f3n y pr\u00f3ximamente a China, o con la elaboraci\u00f3n del Pla \u00c0sia?<\/strong><\/p>\n<p>La relaci\u00f3n entre China y Espa\u00f1a est\u00e1 en su luna de miel; a todos los niveles, tanto estatal, como auton\u00f3mica o municipal. Es el mejor momento para consolidar las relaciones China &#8211; Espa\u00f1a &#8211; Catalu\u00f1a, y tejer alianzas estrat\u00e9gicas, es decir, que no sea solamente en exposiciones o en relaciones unilaterales, sino un\u00a0<em>win win.<\/em>\u00a0En un contexto internacional tan disperso, tan confuso y y con poca seguridad, es buen\u00edsimo afianzar esta relaci\u00f3n que se lleva cultivando desde hace mucho tiempo.<\/p>\n<p>China y Espa\u00f1a llevan 52 a\u00f1os de relaci\u00f3n diplom\u00e1tica y alrededor de 25 a\u00f1os de relaci\u00f3n estrat\u00e9gica. Frente a los aranceles de Trump, el presidente Pedro S\u00e1nchez lo hizo muy bien y lo primero que hizo fue ir a China, diciendo que segu\u00eda creyendo en la colaboraci\u00f3n, lo que para los chinos es muy importante. El mercado es global, por mucho que lo quieras cerrar. Cada uno aporta su valor a\u00f1adido, y, m\u00e1s all\u00e1 de la importaci\u00f3n y exportaci\u00f3n, es el momento de hacer proyectos conjuntos, empresas y plataformas conjuntas, es decir, de crear cosas conjuntas.<\/p>\n<p>Illa ser\u00e1 muy bien recibido\u00a0y se le pondr\u00e1 la alfombra roja. Espa\u00f1a y China se califican como los mejores amigos en Europa, y eso es un t\u00edtulo importante.<\/p>\n<p><strong>Entiendo que ha echado de menos esa estrategia hasta ahora.<\/strong><\/p>\n<p>S\u00ed, hab\u00eda esa falta, y ahora notamos claramente el inter\u00e9s tambi\u00e9n por parte de los chinos. Hay que entender que\u00a0China mira hacia Europa como una unidad. Ve a Espa\u00f1a, a Italia, a Francia, a Noruega&#8230;, es bastante irrelevante, as\u00ed que ir\u00e1 a donde tenga mejor relaci\u00f3n pol\u00edtica, econ\u00f3mica y social. Eso quiere decir que, aunque no hayan facilidades, no se pondr\u00e1n trabas.<\/p>\n<p>Por ejemplo, nadie pensar\u00eda ahora en invertir en Estados Unidos porque, lo primero que har\u00e1n, ser\u00eda vetar. Entonces, ir\u00e1n hacia donde haya una mejor relaci\u00f3n, porque la base de cualquier relaci\u00f3n es la confianza.<\/p>\n<p><strong>\u00bfAprovechar\u00e1n este momento?<\/strong><\/p>\n<p>Ayudamos a la compra de inmuebles, pero tambi\u00e9n a las empresas espa\u00f1olas que quieren entrar en el mercado chino. Otro proyecto,\u00a0somos\u00a0socios de Enrique Tom\u00e1s\u00a0[empresario de la cadena de japones m\u00e1s grande del mundo] en China, con quien abrimos el a\u00f1o pasado cuatro tiendas en el aeropuerto de Shenzhen, y en breve celebraremos nuestro primer aniversario.<\/p>\n<p>Despu\u00e9s de este primer a\u00f1o de inversi\u00f3n y de formaci\u00f3n, comenzamos la fase de crecimiento, y estamos muy contentos. La idea es expandir al resto de aeropuertos; y, ahora,\u00a0estamos introduciendo la gastronom\u00eda espa\u00f1ola en los hoteles de cinco estrellas, donde ya hay, y en los supermercados.<\/p>\n<p><em><img loading=\"lazy\" decoding=\"async\" class=\"alignnone size-full wp-image-5182\" src=\"https:\/\/www.puentechina.com\/wp-content\/uploads\/2025\/07\/Imagen5.jpg\" alt=\"\" width=\"320\" height=\"180\" srcset=\"https:\/\/www.puentechina.com\/wp-content\/uploads\/2025\/07\/Imagen5.jpg 320w, https:\/\/www.puentechina.com\/wp-content\/uploads\/2025\/07\/Imagen5-300x169.jpg 300w\" sizes=\"(max-width: 320px) 100vw, 320px\" \/><\/em><\/p>\n<p><em>Illa seguir\u00e1 \u00abestrechando las relaciones con Asia\u00bb en julio con un viaje a China<\/em><\/p>\n<p>&nbsp;<\/p>\n<p><strong>M\u00e1s conectividad a\u00e9rea<\/strong><\/p>\n<p><strong>\u00bfEn qu\u00e9 beneficia la ampliaci\u00f3n del\u00a0aeropuerto El Prat?<\/strong><\/p>\n<p>La conectividad con las ciudades prioritarias, como Shenzhen, Shanghai o\u00a0Pek\u00edn, ya las tenemos, pero falta Cant\u00f3n. Pero luego hay otras ciudades, como Xi&#8217;an, donde hay much\u00edsima gente. Hay que mapear, ya que China es\u00a0enorme y tiene urbes con una poblaci\u00f3n de diez millones de personas, o las provincias, a donde podr\u00eda llegar una conexi\u00f3n directa. Nos interesa el aeropuerto de El Prat, y esto ha sido muy bien recibido.<\/p>\n<p>En la inauguraci\u00f3n de las tiendas de Enrique Tom\u00e1s fuimos una delegaci\u00f3n de 30 personas de empresas catalanas. All\u00ed ense\u00f1amos c\u00f3mo puede ser una ciudad pesquera que hace unos a\u00f1os eran apenas 40.000 habitantes y ahora son 23 millones de personas.<\/p>\n<p>Un sitio en el que todos los coches son el\u00e9ctricos, y el lema es \u00abt\u00f3mate un caf\u00e9 y tienes el coche cargado\u00bb, donde la aplicaci\u00f3n del ayuntamiento tiene 120 tr\u00e1mites que los haces a trav\u00e9s de un bot\u00f3n&#8230; Los empresarios dec\u00edan, esto es Europa en 2050. No sab\u00edan que China fuera tan bien.<\/p>\n<p>&nbsp;<\/p>\n<p><strong>El a\u00f1o que viene cumplen su 30 aniversario, \u00bfCu\u00e1les son sus objetivos para seguir creciendo?<\/strong><\/p>\n<p>La idea es trabajar para mostrar al p\u00fablico espa\u00f1ol una\u00a0China verdadera a nivel cultural, social y econ\u00f3mico. Lo mismo al rev\u00e9s, y dar a conocer Catalu\u00f1a y Espa\u00f1a. Como hacemos a trav\u00e9s de la Fundaci\u00f3n Puente China, en donde impulsamos desde 2013 el intercambio de una treintena de alumnos de entre 13 y 17 a\u00f1os, para que est\u00e9n durante una quincena con sus hom\u00f3logos chinos. La semilla de la amistad se siembra desde peque\u00f1os.<\/p>\n<p>Ese siempre ha sido nuestro objetivo. Todo el mundo est\u00e1 interesado en China, hay un respeto por nuestra cultura milenaria y aprovecharemos esta luna de miel que hay entre los dos pa\u00edses. Adem\u00e1s, las dos naciones tienen un sector estrat\u00e9gico muy similar en cuanto a energ\u00eda limpia,\u00a0tecnolog\u00eda, aplicaci\u00f3n a la salud, inteligencia artificial o la gastronom\u00eda.<\/p>\n<p>Este punto es un reto y una prioridad para el a\u00f1o que viene. Estamos apostando much\u00edsimo por los productos espa\u00f1oles, ya no solo el jam\u00f3n, sino el aceite, el vino, la sal de Eivissa, o los turrones, gracias a que el Mediterr\u00e1neo tiene sello de de calidad, y queremos que llegue a las familias chinas.<\/p>\n<p>Y, por supuesto, seguir tendiendo puentes para que haya m\u00e1s conocimiento.<\/p>\n","protected":false},"excerpt":{"rendered":"<p>La consejera delegada de la consultora especializada en las relaciones bilaterales ofrece varios puntos clave sobre la inversi\u00f3n asi\u00e1tica en la regi\u00f3n, como la inmobiliaria, la sanitaria o la gastron\u00f3mica Un reportaje de Carla Rivero en Cr\u00f3nica Global En pleno\u00a0Passeig de Gr\u00e0cia\u00a0hay dos plantas que trabajan con ah\u00ednco y discreci\u00f3n con el prop\u00f3sito de reforzar [&hellip;]<\/p>\n","protected":false},"author":2,"featured_media":5179,"comment_status":"closed","ping_status":"closed","sticky":false,"template":"","format":"standard","meta":{"footnotes":""},"categories":[5,11,1],"tags":[],"yoast_head":"<!-- This site is optimized with the Yoast SEO plugin v17.5 - https:\/\/yoast.com\/wordpress\/plugins\/seo\/ -->\n<title>Lidan Qi Zhou, de Puente China: &quot;Espa\u00f1a y China est\u00e1n en su luna de miel, es momento de consolidar relaciones con Catalu\u00f1a&quot; - Puentechina<\/title>\n<meta name=\"robots\" content=\"index, follow, max-snippet:-1, max-image-preview:large, max-video-preview:-1\" \/>\n<link rel=\"canonical\" href=\"https:\/\/www.puentechina.com\/home\/lidan-qi-zhou-de-puente-china-espana-y-china-estan-en-su-luna-de-miel-es-momento-de-consolidar-relaciones-con-cataluna\/\" \/>\n<meta property=\"og:locale\" content=\"es_ES\" \/>\n<meta property=\"og:type\" content=\"article\" \/>\n<meta property=\"og:title\" content=\"Lidan Qi Zhou, de Puente China: &quot;Espa\u00f1a y China est\u00e1n en su luna de miel, es momento de consolidar relaciones con Catalu\u00f1a&quot; - Puentechina\" \/>\n<meta property=\"og:description\" content=\"La consejera delegada de la consultora especializada en las relaciones bilaterales ofrece varios puntos clave sobre la inversi\u00f3n asi\u00e1tica en la regi\u00f3n, como la inmobiliaria, la sanitaria o la gastron\u00f3mica Un reportaje de Carla Rivero en Cr\u00f3nica Global En pleno\u00a0Passeig de Gr\u00e0cia\u00a0hay dos plantas que trabajan con ah\u00ednco y discreci\u00f3n con el prop\u00f3sito de reforzar [&hellip;]\" \/>\n<meta property=\"og:url\" content=\"https:\/\/www.puentechina.com\/home\/lidan-qi-zhou-de-puente-china-espana-y-china-estan-en-su-luna-de-miel-es-momento-de-consolidar-relaciones-con-cataluna\/\" \/>\n<meta property=\"og:site_name\" content=\"Puentechina\" \/>\n<meta property=\"article:published_time\" content=\"2025-07-15T14:46:48+00:00\" \/>\n<meta property=\"article:modified_time\" content=\"2025-07-15T14:48:22+00:00\" \/>\n<meta property=\"og:image\" content=\"https:\/\/www.puentechina.com\/wp-content\/uploads\/2025\/07\/Imagen4.jpg\" \/>\n\t<meta property=\"og:image:width\" content=\"320\" \/>\n\t<meta property=\"og:image:height\" content=\"180\" \/>\n<meta name=\"twitter:card\" content=\"summary_large_image\" \/>\n<meta name=\"twitter:label1\" content=\"Escrito por\" \/>\n\t<meta name=\"twitter:data1\" content=\"puentechina\" \/>\n\t<meta name=\"twitter:label2\" content=\"Tiempo de lectura\" \/>\n\t<meta name=\"twitter:data2\" content=\"15 minutos\" \/>\n<script type=\"application\/ld+json\" class=\"yoast-schema-graph\">{\"@context\":\"https:\/\/schema.org\",\"@graph\":[{\"@type\":\"Organization\",\"@id\":\"https:\/\/www.puentechina.com\/home\/#organization\",\"name\":\"PUENTECHINA\",\"url\":\"https:\/\/www.puentechina.com\/home\/\",\"sameAs\":[],\"logo\":{\"@type\":\"ImageObject\",\"@id\":\"https:\/\/www.puentechina.com\/home\/#logo\",\"inLanguage\":\"es\",\"url\":\"https:\/\/www.puentechina.com\/wp-content\/uploads\/2019\/03\/LOGO-TRANSPARENTE.jpg\",\"contentUrl\":\"https:\/\/www.puentechina.com\/wp-content\/uploads\/2019\/03\/LOGO-TRANSPARENTE.jpg\",\"width\":1600,\"height\":274,\"caption\":\"PUENTECHINA\"},\"image\":{\"@id\":\"https:\/\/www.puentechina.com\/home\/#logo\"}},{\"@type\":\"WebSite\",\"@id\":\"https:\/\/www.puentechina.com\/home\/#website\",\"url\":\"https:\/\/www.puentechina.com\/home\/\",\"name\":\"Puentechina\",\"description\":\"\",\"publisher\":{\"@id\":\"https:\/\/www.puentechina.com\/home\/#organization\"},\"potentialAction\":[{\"@type\":\"SearchAction\",\"target\":{\"@type\":\"EntryPoint\",\"urlTemplate\":\"https:\/\/www.puentechina.com\/home\/?s={search_term_string}\"},\"query-input\":\"required name=search_term_string\"}],\"inLanguage\":\"es\"},{\"@type\":\"ImageObject\",\"@id\":\"https:\/\/www.puentechina.com\/home\/lidan-qi-zhou-de-puente-china-espana-y-china-estan-en-su-luna-de-miel-es-momento-de-consolidar-relaciones-con-cataluna\/#primaryimage\",\"inLanguage\":\"es\",\"url\":\"https:\/\/www.puentechina.com\/wp-content\/uploads\/2025\/07\/Imagen4.jpg\",\"contentUrl\":\"https:\/\/www.puentechina.com\/wp-content\/uploads\/2025\/07\/Imagen4.jpg\",\"width\":320,\"height\":180},{\"@type\":\"WebPage\",\"@id\":\"https:\/\/www.puentechina.com\/home\/lidan-qi-zhou-de-puente-china-espana-y-china-estan-en-su-luna-de-miel-es-momento-de-consolidar-relaciones-con-cataluna\/#webpage\",\"url\":\"https:\/\/www.puentechina.com\/home\/lidan-qi-zhou-de-puente-china-espana-y-china-estan-en-su-luna-de-miel-es-momento-de-consolidar-relaciones-con-cataluna\/\",\"name\":\"Lidan Qi Zhou, de Puente China: \\\"Espa\\u00f1a y China est\\u00e1n en su luna de miel, es momento de consolidar relaciones con Catalu\\u00f1a\\\" - Puentechina\",\"isPartOf\":{\"@id\":\"https:\/\/www.puentechina.com\/home\/#website\"},\"primaryImageOfPage\":{\"@id\":\"https:\/\/www.puentechina.com\/home\/lidan-qi-zhou-de-puente-china-espana-y-china-estan-en-su-luna-de-miel-es-momento-de-consolidar-relaciones-con-cataluna\/#primaryimage\"},\"datePublished\":\"2025-07-15T14:46:48+00:00\",\"dateModified\":\"2025-07-15T14:48:22+00:00\",\"breadcrumb\":{\"@id\":\"https:\/\/www.puentechina.com\/home\/lidan-qi-zhou-de-puente-china-espana-y-china-estan-en-su-luna-de-miel-es-momento-de-consolidar-relaciones-con-cataluna\/#breadcrumb\"},\"inLanguage\":\"es\",\"potentialAction\":[{\"@type\":\"ReadAction\",\"target\":[\"https:\/\/www.puentechina.com\/home\/lidan-qi-zhou-de-puente-china-espana-y-china-estan-en-su-luna-de-miel-es-momento-de-consolidar-relaciones-con-cataluna\/\"]}]},{\"@type\":\"BreadcrumbList\",\"@id\":\"https:\/\/www.puentechina.com\/home\/lidan-qi-zhou-de-puente-china-espana-y-china-estan-en-su-luna-de-miel-es-momento-de-consolidar-relaciones-con-cataluna\/#breadcrumb\",\"itemListElement\":[{\"@type\":\"ListItem\",\"position\":1,\"name\":\"Portada\",\"item\":\"https:\/\/www.puentechina.com\/home\/\"},{\"@type\":\"ListItem\",\"position\":2,\"name\":\"Lidan Qi Zhou, de Puente China: \\u00abEspa\\u00f1a y China est\\u00e1n en su luna de miel, es momento de consolidar relaciones con Catalu\\u00f1a\\u00bb\"}]},{\"@type\":\"Article\",\"@id\":\"https:\/\/www.puentechina.com\/home\/lidan-qi-zhou-de-puente-china-espana-y-china-estan-en-su-luna-de-miel-es-momento-de-consolidar-relaciones-con-cataluna\/#article\",\"isPartOf\":{\"@id\":\"https:\/\/www.puentechina.com\/home\/lidan-qi-zhou-de-puente-china-espana-y-china-estan-en-su-luna-de-miel-es-momento-de-consolidar-relaciones-con-cataluna\/#webpage\"},\"author\":{\"@id\":\"https:\/\/www.puentechina.com\/home\/#\/schema\/person\/a1db63509e77d8a4d8aeadb25be41964\"},\"headline\":\"Lidan Qi Zhou, de Puente China: \\u00abEspa\\u00f1a y China est\\u00e1n en su luna de miel, es momento de consolidar relaciones con Catalu\\u00f1a\\u00bb\",\"datePublished\":\"2025-07-15T14:46:48+00:00\",\"dateModified\":\"2025-07-15T14:48:22+00:00\",\"mainEntityOfPage\":{\"@id\":\"https:\/\/www.puentechina.com\/home\/lidan-qi-zhou-de-puente-china-espana-y-china-estan-en-su-luna-de-miel-es-momento-de-consolidar-relaciones-con-cataluna\/#webpage\"},\"wordCount\":2952,\"publisher\":{\"@id\":\"https:\/\/www.puentechina.com\/home\/#organization\"},\"image\":{\"@id\":\"https:\/\/www.puentechina.com\/home\/lidan-qi-zhou-de-puente-china-espana-y-china-estan-en-su-luna-de-miel-es-momento-de-consolidar-relaciones-con-cataluna\/#primaryimage\"},\"thumbnailUrl\":\"https:\/\/www.puentechina.com\/wp-content\/uploads\/2025\/07\/Imagen4.jpg\",\"articleSection\":[\"Actualidad\",\"Noticias\",\"Sin categorizar\"],\"inLanguage\":\"es\"},{\"@type\":\"Person\",\"@id\":\"https:\/\/www.puentechina.com\/home\/#\/schema\/person\/a1db63509e77d8a4d8aeadb25be41964\",\"name\":\"puentechina\",\"url\":\"https:\/\/www.puentechina.com\/home\/author\/puentechina\/\"}]}<\/script>\n<!-- \/ Yoast SEO plugin. -->","yoast_head_json":{"title":"Lidan Qi Zhou, de Puente China: \"Espa\u00f1a y China est\u00e1n en su luna de miel, es momento de consolidar relaciones con Catalu\u00f1a\" - Puentechina","robots":{"index":"index","follow":"follow","max-snippet":"max-snippet:-1","max-image-preview":"max-image-preview:large","max-video-preview":"max-video-preview:-1"},"canonical":"https:\/\/www.puentechina.com\/home\/lidan-qi-zhou-de-puente-china-espana-y-china-estan-en-su-luna-de-miel-es-momento-de-consolidar-relaciones-con-cataluna\/","og_locale":"es_ES","og_type":"article","og_title":"Lidan Qi Zhou, de Puente China: \"Espa\u00f1a y China est\u00e1n en su luna de miel, es momento de consolidar relaciones con Catalu\u00f1a\" - Puentechina","og_description":"La consejera delegada de la consultora especializada en las relaciones bilaterales ofrece varios puntos clave sobre la inversi\u00f3n asi\u00e1tica en la regi\u00f3n, como la inmobiliaria, la sanitaria o la gastron\u00f3mica Un reportaje de Carla Rivero en Cr\u00f3nica Global En pleno\u00a0Passeig de Gr\u00e0cia\u00a0hay dos plantas que trabajan con ah\u00ednco y discreci\u00f3n con el prop\u00f3sito de reforzar [&hellip;]","og_url":"https:\/\/www.puentechina.com\/home\/lidan-qi-zhou-de-puente-china-espana-y-china-estan-en-su-luna-de-miel-es-momento-de-consolidar-relaciones-con-cataluna\/","og_site_name":"Puentechina","article_published_time":"2025-07-15T14:46:48+00:00","article_modified_time":"2025-07-15T14:48:22+00:00","og_image":[{"width":320,"height":180,"url":"https:\/\/www.puentechina.com\/wp-content\/uploads\/2025\/07\/Imagen4.jpg","type":"image\/jpeg"}],"twitter_card":"summary_large_image","twitter_misc":{"Escrito por":"puentechina","Tiempo de lectura":"15 minutos"},"schema":{"@context":"https:\/\/schema.org","@graph":[{"@type":"Organization","@id":"https:\/\/www.puentechina.com\/home\/#organization","name":"PUENTECHINA","url":"https:\/\/www.puentechina.com\/home\/","sameAs":[],"logo":{"@type":"ImageObject","@id":"https:\/\/www.puentechina.com\/home\/#logo","inLanguage":"es","url":"https:\/\/www.puentechina.com\/wp-content\/uploads\/2019\/03\/LOGO-TRANSPARENTE.jpg","contentUrl":"https:\/\/www.puentechina.com\/wp-content\/uploads\/2019\/03\/LOGO-TRANSPARENTE.jpg","width":1600,"height":274,"caption":"PUENTECHINA"},"image":{"@id":"https:\/\/www.puentechina.com\/home\/#logo"}},{"@type":"WebSite","@id":"https:\/\/www.puentechina.com\/home\/#website","url":"https:\/\/www.puentechina.com\/home\/","name":"Puentechina","description":"","publisher":{"@id":"https:\/\/www.puentechina.com\/home\/#organization"},"potentialAction":[{"@type":"SearchAction","target":{"@type":"EntryPoint","urlTemplate":"https:\/\/www.puentechina.com\/home\/?s={search_term_string}"},"query-input":"required name=search_term_string"}],"inLanguage":"es"},{"@type":"ImageObject","@id":"https:\/\/www.puentechina.com\/home\/lidan-qi-zhou-de-puente-china-espana-y-china-estan-en-su-luna-de-miel-es-momento-de-consolidar-relaciones-con-cataluna\/#primaryimage","inLanguage":"es","url":"https:\/\/www.puentechina.com\/wp-content\/uploads\/2025\/07\/Imagen4.jpg","contentUrl":"https:\/\/www.puentechina.com\/wp-content\/uploads\/2025\/07\/Imagen4.jpg","width":320,"height":180},{"@type":"WebPage","@id":"https:\/\/www.puentechina.com\/home\/lidan-qi-zhou-de-puente-china-espana-y-china-estan-en-su-luna-de-miel-es-momento-de-consolidar-relaciones-con-cataluna\/#webpage","url":"https:\/\/www.puentechina.com\/home\/lidan-qi-zhou-de-puente-china-espana-y-china-estan-en-su-luna-de-miel-es-momento-de-consolidar-relaciones-con-cataluna\/","name":"Lidan Qi Zhou, de Puente China: \"Espa\u00f1a y China est\u00e1n en su luna de miel, es momento de consolidar relaciones con Catalu\u00f1a\" - Puentechina","isPartOf":{"@id":"https:\/\/www.puentechina.com\/home\/#website"},"primaryImageOfPage":{"@id":"https:\/\/www.puentechina.com\/home\/lidan-qi-zhou-de-puente-china-espana-y-china-estan-en-su-luna-de-miel-es-momento-de-consolidar-relaciones-con-cataluna\/#primaryimage"},"datePublished":"2025-07-15T14:46:48+00:00","dateModified":"2025-07-15T14:48:22+00:00","breadcrumb":{"@id":"https:\/\/www.puentechina.com\/home\/lidan-qi-zhou-de-puente-china-espana-y-china-estan-en-su-luna-de-miel-es-momento-de-consolidar-relaciones-con-cataluna\/#breadcrumb"},"inLanguage":"es","potentialAction":[{"@type":"ReadAction","target":["https:\/\/www.puentechina.com\/home\/lidan-qi-zhou-de-puente-china-espana-y-china-estan-en-su-luna-de-miel-es-momento-de-consolidar-relaciones-con-cataluna\/"]}]},{"@type":"BreadcrumbList","@id":"https:\/\/www.puentechina.com\/home\/lidan-qi-zhou-de-puente-china-espana-y-china-estan-en-su-luna-de-miel-es-momento-de-consolidar-relaciones-con-cataluna\/#breadcrumb","itemListElement":[{"@type":"ListItem","position":1,"name":"Portada","item":"https:\/\/www.puentechina.com\/home\/"},{"@type":"ListItem","position":2,"name":"Lidan Qi Zhou, de Puente China: \u00abEspa\u00f1a y China est\u00e1n en su luna de miel, es momento de consolidar relaciones con Catalu\u00f1a\u00bb"}]},{"@type":"Article","@id":"https:\/\/www.puentechina.com\/home\/lidan-qi-zhou-de-puente-china-espana-y-china-estan-en-su-luna-de-miel-es-momento-de-consolidar-relaciones-con-cataluna\/#article","isPartOf":{"@id":"https:\/\/www.puentechina.com\/home\/lidan-qi-zhou-de-puente-china-espana-y-china-estan-en-su-luna-de-miel-es-momento-de-consolidar-relaciones-con-cataluna\/#webpage"},"author":{"@id":"https:\/\/www.puentechina.com\/home\/#\/schema\/person\/a1db63509e77d8a4d8aeadb25be41964"},"headline":"Lidan Qi Zhou, de Puente China: \u00abEspa\u00f1a y China est\u00e1n en su luna de miel, es momento de consolidar relaciones con Catalu\u00f1a\u00bb","datePublished":"2025-07-15T14:46:48+00:00","dateModified":"2025-07-15T14:48:22+00:00","mainEntityOfPage":{"@id":"https:\/\/www.puentechina.com\/home\/lidan-qi-zhou-de-puente-china-espana-y-china-estan-en-su-luna-de-miel-es-momento-de-consolidar-relaciones-con-cataluna\/#webpage"},"wordCount":2952,"publisher":{"@id":"https:\/\/www.puentechina.com\/home\/#organization"},"image":{"@id":"https:\/\/www.puentechina.com\/home\/lidan-qi-zhou-de-puente-china-espana-y-china-estan-en-su-luna-de-miel-es-momento-de-consolidar-relaciones-con-cataluna\/#primaryimage"},"thumbnailUrl":"https:\/\/www.puentechina.com\/wp-content\/uploads\/2025\/07\/Imagen4.jpg","articleSection":["Actualidad","Noticias","Sin categorizar"],"inLanguage":"es"},{"@type":"Person","@id":"https:\/\/www.puentechina.com\/home\/#\/schema\/person\/a1db63509e77d8a4d8aeadb25be41964","name":"puentechina","url":"https:\/\/www.puentechina.com\/home\/author\/puentechina\/"}]}},"_links":{"self":[{"href":"https:\/\/www.puentechina.com\/home\/wp-json\/wp\/v2\/posts\/5168"}],"collection":[{"href":"https:\/\/www.puentechina.com\/home\/wp-json\/wp\/v2\/posts"}],"about":[{"href":"https:\/\/www.puentechina.com\/home\/wp-json\/wp\/v2\/types\/post"}],"author":[{"embeddable":true,"href":"https:\/\/www.puentechina.com\/home\/wp-json\/wp\/v2\/users\/2"}],"replies":[{"embeddable":true,"href":"https:\/\/www.puentechina.com\/home\/wp-json\/wp\/v2\/comments?post=5168"}],"version-history":[{"count":2,"href":"https:\/\/www.puentechina.com\/home\/wp-json\/wp\/v2\/posts\/5168\/revisions"}],"predecessor-version":[{"id":5186,"href":"https:\/\/www.puentechina.com\/home\/wp-json\/wp\/v2\/posts\/5168\/revisions\/5186"}],"wp:featuredmedia":[{"embeddable":true,"href":"https:\/\/www.puentechina.com\/home\/wp-json\/wp\/v2\/media\/5179"}],"wp:attachment":[{"href":"https:\/\/www.puentechina.com\/home\/wp-json\/wp\/v2\/media?parent=5168"}],"wp:term":[{"taxonomy":"category","embeddable":true,"href":"https:\/\/www.puentechina.com\/home\/wp-json\/wp\/v2\/categories?post=5168"},{"taxonomy":"post_tag","embeddable":true,"href":"https:\/\/www.puentechina.com\/home\/wp-json\/wp\/v2\/tags?post=5168"}],"curies":[{"name":"wp","href":"https:\/\/api.w.org\/{rel}","templated":true}]}}